{"id":97987065,"date":"2018-04-11T09:59:37","date_gmt":"2018-04-11T12:59:37","guid":{"rendered":"http:\/\/acrimat.org.br\/portal\/?p=97987065"},"modified":"2018-04-11T09:59:37","modified_gmt":"2018-04-11T12:59:37","slug":"pedido-de-recuperacao-aceito","status":"publish","type":"post","link":"https:\/\/acrimat.org.br\/portal\/pedido-de-recuperacao-aceito\/","title":{"rendered":"Pedido de recupera\u00e7\u00e3o aceito"},"content":{"rendered":"<p>Com passivo financeiro de R$ 24,3 milh\u00f5es, o frigor\u00edfico RS, de Ju\u00edna (a 735 km de Cuiab\u00e1), teve o pedido de recupera\u00e7\u00e3o judicial deferido pela Justi\u00e7a. O requerimento foi protocolizado pela empresa na 2a Vara de Ju\u00edna no dia 3 de abril e a decis\u00e3o favor\u00e1vel, do juiz Raul Lara Leite, foi proferida nesta segunda-feira (9). Agora, a ind\u00fastria tem cerca de 60 dias para elaborar o Plano de Recupera\u00e7\u00e3o Judicial e apresent\u00e1-lo aos credores em assembleia. Durante 180 dias fica blindada de cobran\u00e7as e execu\u00e7\u00f5es em decorr\u00eancia das d\u00edvidas.<\/p>\n<p>A recupera\u00e7\u00e3o judicial tem o objetivo de manter a empresa no mercado. No caso do frigor\u00edfico RS, a inten\u00e7\u00e3o \u00e9 continuar o abate de bovinos na regi\u00e3o, que \u00e9 de 4 mil cabe\u00e7as por m\u00eas, e preservar os 182 empregos diretos gerados pela planta. Fundada em 2006, a ind\u00fastria frigor\u00edfica viveu bons momentos e expandiu as opera\u00e7\u00f5es para as cidades de Aripuan\u00e3 e S\u00e3o Jos\u00e9 do Rio Claro, mas a partir de 2010 come\u00e7ou a ter dificuldades financeiras, especialmente por causa da diferen\u00e7a de tratamento por parte de bancos federais, que passaram a conceder empr\u00e9stimos a juros subsidiados a apenas algumas empresas do setor.<\/p>\n<p>Apesar de a not\u00edcia ser negativa, o diretor-executivo do Sindicato das Ind\u00fastrias Frigor\u00edficas de Mato Grosso (Sindifrigo\/MT), Jovenino Borges, minimiza os reflexos para a cadeia da carne estadual. Ele comenta que o frigor\u00edfico RS \u00e9 filiado ao sindicato, mas que \u00e9 uma unidade de pequeno porte, com comercializa\u00e7\u00e3o de carne apenas no territ\u00f3rio estadual. \u201cA ind\u00fastria s\u00f3 tem o selo de inspe\u00e7\u00e3o estadual, com a produ\u00e7\u00e3o destinada ao consumo interno. Dessa forma, os reflexos para o setor n\u00e3o s\u00e3o grandes\u201d, diz, ao lamentar que a empresa tenha chegado a esta situa\u00e7\u00e3o. \u201cO importante \u00e9 que agora ter\u00e1 a oportunidade de se reorganizar e se restabelecer para voltar ao mercado\u201d.<\/p>\n<p><strong>Recupera\u00e7\u00e3o digital<\/strong><\/p>\n<p>A empresa respons\u00e1vel pela recupera\u00e7\u00e3o judicial do frigor\u00edfico RS \u00e9 a ERS Consultoria e Advocacia, que lan\u00e7ou a Plataforma de Recupera\u00e7\u00e3o Judicial Digital. A ferramenta serve para agilizar o processo de recupera\u00e7\u00e3o judicial e a negocia\u00e7\u00e3o entre recuperandas e credores. A negocia\u00e7\u00f5es da RJ do frigor\u00edfico Ju\u00edna ser\u00e3o realizadas nesta plataforma. \u201cCom clareza, lisura e transpar\u00eancia, inten\u00e7\u00e3o \u00e9 que com este canal haja redu\u00e7\u00e3o da inefici\u00eancia do mercado por meio da disponibiliza\u00e7\u00e3o de todas as informa\u00e7\u00f5es nesta plataforma\u201d, explica o advogado Euclides Ribeiro, idealizador do projeto.<\/p>\n<p>A plataforma oferece, com seguran\u00e7a, um caminho para empresas, credores e investidores chegarem a um acordo. As informa\u00e7\u00f5es s\u00e3o disponibilizadas e qualquer pessoa pode analisar o cr\u00e9dito listado e oferecer um valor financeiro por ele, considerando a qualidade do devedor, dos consultores, do hist\u00f3rico e do pr\u00f3prio mercado.<\/p>\n","protected":false},"excerpt":{"rendered":"<p>Frigor\u00edfico RS iniciou as atividades em 2006 com 75 funcion\u00e1rios e capacidade para abater 150 cabe\u00e7as\/dia<\/p>\n","protected":false},"author":7,"featured_media":97984538,"comment_status":"closed","ping_status":"closed","sticky":false,"template":"","format":"standard","meta":{"footnotes":""},"categories":[6,1],"tags":[],"class_list":["post-97987065","post","type-post","status-publish","format-standard","has-post-thumbnail","hentry","category-destaque","category-noticia"],"yoast_head":"<!-- This site is optimized with the Yoast SEO plugin v24.8.1 - https:\/\/yoast.com\/wordpress\/plugins\/seo\/ -->\n<title>Pedido de recupera\u00e7\u00e3o aceito - Acrimat<\/title>\n<meta name=\"robots\" content=\"index, follow, max-snippet:-1, max-image-preview:large, max-video-preview:-1\" \/>\n<link rel=\"canonical\" href=\"https:\/\/acrimat.org.br\/portal\/pedido-de-recuperacao-aceito\/\" \/>\n<meta property=\"og:locale\" content=\"pt_BR\" \/>\n<meta property=\"og:type\" content=\"article\" \/>\n<meta property=\"og:title\" content=\"Pedido de recupera\u00e7\u00e3o aceito - Acrimat\" \/>\n<meta property=\"og:description\" content=\"Frigor\u00edfico RS iniciou as atividades em 2006 com 75 funcion\u00e1rios e capacidade para abater 150 cabe\u00e7as\/dia\" \/>\n<meta property=\"og:url\" content=\"https:\/\/acrimat.org.br\/portal\/pedido-de-recuperacao-aceito\/\" \/>\n<meta property=\"og:site_name\" content=\"Acrimat\" \/>\n<meta property=\"article:published_time\" content=\"2018-04-11T12:59:37+00:00\" \/>\n<meta property=\"og:image\" content=\"https:\/\/acrimat.org.br\/portal\/wp-content\/uploads\/2017\/10\/frigorifico4.jpg\" \/>\n\t<meta property=\"og:image:width\" content=\"640\" \/>\n\t<meta property=\"og:image:height\" content=\"440\" \/>\n\t<meta property=\"og:image:type\" content=\"image\/jpeg\" \/>\n<meta name=\"author\" content=\"Assessoria de comunica\u00e7\u00e3o ACRIMAT\" \/>\n<meta name=\"twitter:card\" content=\"summary_large_image\" \/>\n<meta name=\"twitter:label1\" content=\"Escrito por\" \/>\n\t<meta name=\"twitter:data1\" content=\"Assessoria de comunica\u00e7\u00e3o ACRIMAT\" \/>\n\t<meta name=\"twitter:label2\" content=\"Est. tempo de leitura\" \/>\n\t<meta name=\"twitter:data2\" content=\"2 minutos\" \/>\n<script type=\"application\/ld+json\" class=\"yoast-schema-graph\">{\"@context\":\"https:\/\/schema.org\",\"@graph\":[{\"@type\":\"Article\",\"@id\":\"https:\/\/acrimat.org.br\/portal\/pedido-de-recuperacao-aceito\/#article\",\"isPartOf\":{\"@id\":\"https:\/\/acrimat.org.br\/portal\/pedido-de-recuperacao-aceito\/\"},\"author\":{\"name\":\"Assessoria de comunica\u00e7\u00e3o ACRIMAT\",\"@id\":\"https:\/\/acrimat.org.br\/portal\/#\/schema\/person\/a309b9496344ff991e8e1b1d751fdd7b\"},\"headline\":\"Pedido de recupera\u00e7\u00e3o aceito\",\"datePublished\":\"2018-04-11T12:59:37+00:00\",\"mainEntityOfPage\":{\"@id\":\"https:\/\/acrimat.org.br\/portal\/pedido-de-recuperacao-aceito\/\"},\"wordCount\":492,\"publisher\":{\"@id\":\"https:\/\/acrimat.org.br\/portal\/#organization\"},\"image\":{\"@id\":\"https:\/\/acrimat.org.br\/portal\/pedido-de-recuperacao-aceito\/#primaryimage\"},\"thumbnailUrl\":\"https:\/\/acrimat.org.br\/portal\/wp-content\/uploads\/2017\/10\/frigorifico4.jpg\",\"articleSection\":[\"Destaques\",\"Not\u00edcias\"],\"inLanguage\":\"pt-BR\"},{\"@type\":\"WebPage\",\"@id\":\"https:\/\/acrimat.org.br\/portal\/pedido-de-recuperacao-aceito\/\",\"url\":\"https:\/\/acrimat.org.br\/portal\/pedido-de-recuperacao-aceito\/\",\"name\":\"Pedido de recupera\u00e7\u00e3o aceito - Acrimat\",\"isPartOf\":{\"@id\":\"https:\/\/acrimat.org.br\/portal\/#website\"},\"primaryImageOfPage\":{\"@id\":\"https:\/\/acrimat.org.br\/portal\/pedido-de-recuperacao-aceito\/#primaryimage\"},\"image\":{\"@id\":\"https:\/\/acrimat.org.br\/portal\/pedido-de-recuperacao-aceito\/#primaryimage\"},\"thumbnailUrl\":\"https:\/\/acrimat.org.br\/portal\/wp-content\/uploads\/2017\/10\/frigorifico4.jpg\",\"datePublished\":\"2018-04-11T12:59:37+00:00\",\"breadcrumb\":{\"@id\":\"https:\/\/acrimat.org.br\/portal\/pedido-de-recuperacao-aceito\/#breadcrumb\"},\"inLanguage\":\"pt-BR\",\"potentialAction\":[{\"@type\":\"ReadAction\",\"target\":[\"https:\/\/acrimat.org.br\/portal\/pedido-de-recuperacao-aceito\/\"]}]},{\"@type\":\"ImageObject\",\"inLanguage\":\"pt-BR\",\"@id\":\"https:\/\/acrimat.org.br\/portal\/pedido-de-recuperacao-aceito\/#primaryimage\",\"url\":\"https:\/\/acrimat.org.br\/portal\/wp-content\/uploads\/2017\/10\/frigorifico4.jpg\",\"contentUrl\":\"https:\/\/acrimat.org.br\/portal\/wp-content\/uploads\/2017\/10\/frigorifico4.jpg\",\"width\":640,\"height\":440},{\"@type\":\"BreadcrumbList\",\"@id\":\"https:\/\/acrimat.org.br\/portal\/pedido-de-recuperacao-aceito\/#breadcrumb\",\"itemListElement\":[{\"@type\":\"ListItem\",\"position\":1,\"name\":\"In\u00edcio\",\"item\":\"https:\/\/acrimat.org.br\/portal\/\"},{\"@type\":\"ListItem\",\"position\":2,\"name\":\"Pedido de recupera\u00e7\u00e3o aceito\"}]},{\"@type\":\"WebSite\",\"@id\":\"https:\/\/acrimat.org.br\/portal\/#website\",\"url\":\"https:\/\/acrimat.org.br\/portal\/\",\"name\":\"Acrimat\",\"description\":\"Associa\u00e7\u00e3o dos Criadores de Mato Grosso\",\"publisher\":{\"@id\":\"https:\/\/acrimat.org.br\/portal\/#organization\"},\"potentialAction\":[{\"@type\":\"SearchAction\",\"target\":{\"@type\":\"EntryPoint\",\"urlTemplate\":\"https:\/\/acrimat.org.br\/portal\/?s={search_term_string}\"},\"query-input\":{\"@type\":\"PropertyValueSpecification\",\"valueRequired\":true,\"valueName\":\"search_term_string\"}}],\"inLanguage\":\"pt-BR\"},{\"@type\":\"Organization\",\"@id\":\"https:\/\/acrimat.org.br\/portal\/#organization\",\"name\":\"Associa\u00e7\u00e3o dos Criadores de Mato Grosso\",\"url\":\"https:\/\/acrimat.org.br\/portal\/\",\"logo\":{\"@type\":\"ImageObject\",\"inLanguage\":\"pt-BR\",\"@id\":\"https:\/\/acrimat.org.br\/portal\/#\/schema\/logo\/image\/\",\"url\":\"https:\/\/acrimat.org.br\/portal\/wp-content\/uploads\/2018\/03\/logo-peq-original.png\",\"contentUrl\":\"https:\/\/acrimat.org.br\/portal\/wp-content\/uploads\/2018\/03\/logo-peq-original.png\",\"width\":174,\"height\":171,\"caption\":\"Associa\u00e7\u00e3o dos Criadores de Mato Grosso\"},\"image\":{\"@id\":\"https:\/\/acrimat.org.br\/portal\/#\/schema\/logo\/image\/\"}},{\"@type\":\"Person\",\"@id\":\"https:\/\/acrimat.org.br\/portal\/#\/schema\/person\/a309b9496344ff991e8e1b1d751fdd7b\",\"name\":\"Assessoria de comunica\u00e7\u00e3o ACRIMAT\",\"image\":{\"@type\":\"ImageObject\",\"inLanguage\":\"pt-BR\",\"@id\":\"https:\/\/acrimat.org.br\/portal\/#\/schema\/person\/image\/\",\"url\":\"https:\/\/secure.gravatar.com\/avatar\/2f9c28e64c317bcd762b25cb1575f1b4?s=96&d=mm&r=g\",\"contentUrl\":\"https:\/\/secure.gravatar.com\/avatar\/2f9c28e64c317bcd762b25cb1575f1b4?s=96&d=mm&r=g\",\"caption\":\"Assessoria de comunica\u00e7\u00e3o ACRIMAT\"},\"sameAs\":[\"http:\/\/acrimat.org.br\/\"],\"url\":\"https:\/\/acrimat.org.br\/portal\/author\/ascom\/\"}]}<\/script>\n<!-- \/ Yoast SEO plugin. -->","yoast_head_json":{"title":"Pedido de recupera\u00e7\u00e3o aceito - Acrimat","robots":{"index":"index","follow":"follow","max-snippet":"max-snippet:-1","max-image-preview":"max-image-preview:large","max-video-preview":"max-video-preview:-1"},"canonical":"https:\/\/acrimat.org.br\/portal\/pedido-de-recuperacao-aceito\/","og_locale":"pt_BR","og_type":"article","og_title":"Pedido de recupera\u00e7\u00e3o aceito - Acrimat","og_description":"Frigor\u00edfico RS iniciou as atividades em 2006 com 75 funcion\u00e1rios e capacidade para abater 150 cabe\u00e7as\/dia","og_url":"https:\/\/acrimat.org.br\/portal\/pedido-de-recuperacao-aceito\/","og_site_name":"Acrimat","article_published_time":"2018-04-11T12:59:37+00:00","og_image":[{"width":640,"height":440,"url":"https:\/\/acrimat.org.br\/portal\/wp-content\/uploads\/2017\/10\/frigorifico4.jpg","type":"image\/jpeg"}],"author":"Assessoria de comunica\u00e7\u00e3o ACRIMAT","twitter_card":"summary_large_image","twitter_misc":{"Escrito por":"Assessoria de comunica\u00e7\u00e3o ACRIMAT","Est. tempo de leitura":"2 minutos"},"schema":{"@context":"https:\/\/schema.org","@graph":[{"@type":"Article","@id":"https:\/\/acrimat.org.br\/portal\/pedido-de-recuperacao-aceito\/#article","isPartOf":{"@id":"https:\/\/acrimat.org.br\/portal\/pedido-de-recuperacao-aceito\/"},"author":{"name":"Assessoria de comunica\u00e7\u00e3o ACRIMAT","@id":"https:\/\/acrimat.org.br\/portal\/#\/schema\/person\/a309b9496344ff991e8e1b1d751fdd7b"},"headline":"Pedido de recupera\u00e7\u00e3o aceito","datePublished":"2018-04-11T12:59:37+00:00","mainEntityOfPage":{"@id":"https:\/\/acrimat.org.br\/portal\/pedido-de-recuperacao-aceito\/"},"wordCount":492,"publisher":{"@id":"https:\/\/acrimat.org.br\/portal\/#organization"},"image":{"@id":"https:\/\/acrimat.org.br\/portal\/pedido-de-recuperacao-aceito\/#primaryimage"},"thumbnailUrl":"https:\/\/acrimat.org.br\/portal\/wp-content\/uploads\/2017\/10\/frigorifico4.jpg","articleSection":["Destaques","Not\u00edcias"],"inLanguage":"pt-BR"},{"@type":"WebPage","@id":"https:\/\/acrimat.org.br\/portal\/pedido-de-recuperacao-aceito\/","url":"https:\/\/acrimat.org.br\/portal\/pedido-de-recuperacao-aceito\/","name":"Pedido de recupera\u00e7\u00e3o aceito - Acrimat","isPartOf":{"@id":"https:\/\/acrimat.org.br\/portal\/#website"},"primaryImageOfPage":{"@id":"https:\/\/acrimat.org.br\/portal\/pedido-de-recuperacao-aceito\/#primaryimage"},"image":{"@id":"https:\/\/acrimat.org.br\/portal\/pedido-de-recuperacao-aceito\/#primaryimage"},"thumbnailUrl":"https:\/\/acrimat.org.br\/portal\/wp-content\/uploads\/2017\/10\/frigorifico4.jpg","datePublished":"2018-04-11T12:59:37+00:00","breadcrumb":{"@id":"https:\/\/acrimat.org.br\/portal\/pedido-de-recuperacao-aceito\/#breadcrumb"},"inLanguage":"pt-BR","potentialAction":[{"@type":"ReadAction","target":["https:\/\/acrimat.org.br\/portal\/pedido-de-recuperacao-aceito\/"]}]},{"@type":"ImageObject","inLanguage":"pt-BR","@id":"https:\/\/acrimat.org.br\/portal\/pedido-de-recuperacao-aceito\/#primaryimage","url":"https:\/\/acrimat.org.br\/portal\/wp-content\/uploads\/2017\/10\/frigorifico4.jpg","contentUrl":"https:\/\/acrimat.org.br\/portal\/wp-content\/uploads\/2017\/10\/frigorifico4.jpg","width":640,"height":440},{"@type":"BreadcrumbList","@id":"https:\/\/acrimat.org.br\/portal\/pedido-de-recuperacao-aceito\/#breadcrumb","itemListElement":[{"@type":"ListItem","position":1,"name":"In\u00edcio","item":"https:\/\/acrimat.org.br\/portal\/"},{"@type":"ListItem","position":2,"name":"Pedido de recupera\u00e7\u00e3o aceito"}]},{"@type":"WebSite","@id":"https:\/\/acrimat.org.br\/portal\/#website","url":"https:\/\/acrimat.org.br\/portal\/","name":"Acrimat","description":"Associa\u00e7\u00e3o dos Criadores de Mato Grosso","publisher":{"@id":"https:\/\/acrimat.org.br\/portal\/#organization"},"potentialAction":[{"@type":"SearchAction","target":{"@type":"EntryPoint","urlTemplate":"https:\/\/acrimat.org.br\/portal\/?s={search_term_string}"},"query-input":{"@type":"PropertyValueSpecification","valueRequired":true,"valueName":"search_term_string"}}],"inLanguage":"pt-BR"},{"@type":"Organization","@id":"https:\/\/acrimat.org.br\/portal\/#organization","name":"Associa\u00e7\u00e3o dos Criadores de Mato Grosso","url":"https:\/\/acrimat.org.br\/portal\/","logo":{"@type":"ImageObject","inLanguage":"pt-BR","@id":"https:\/\/acrimat.org.br\/portal\/#\/schema\/logo\/image\/","url":"https:\/\/acrimat.org.br\/portal\/wp-content\/uploads\/2018\/03\/logo-peq-original.png","contentUrl":"https:\/\/acrimat.org.br\/portal\/wp-content\/uploads\/2018\/03\/logo-peq-original.png","width":174,"height":171,"caption":"Associa\u00e7\u00e3o dos Criadores de Mato Grosso"},"image":{"@id":"https:\/\/acrimat.org.br\/portal\/#\/schema\/logo\/image\/"}},{"@type":"Person","@id":"https:\/\/acrimat.org.br\/portal\/#\/schema\/person\/a309b9496344ff991e8e1b1d751fdd7b","name":"Assessoria de comunica\u00e7\u00e3o ACRIMAT","image":{"@type":"ImageObject","inLanguage":"pt-BR","@id":"https:\/\/acrimat.org.br\/portal\/#\/schema\/person\/image\/","url":"https:\/\/secure.gravatar.com\/avatar\/2f9c28e64c317bcd762b25cb1575f1b4?s=96&d=mm&r=g","contentUrl":"https:\/\/secure.gravatar.com\/avatar\/2f9c28e64c317bcd762b25cb1575f1b4?s=96&d=mm&r=g","caption":"Assessoria de comunica\u00e7\u00e3o ACRIMAT"},"sameAs":["http:\/\/acrimat.org.br\/"],"url":"https:\/\/acrimat.org.br\/portal\/author\/ascom\/"}]}},"_links":{"self":[{"href":"https:\/\/acrimat.org.br\/portal\/wp-json\/wp\/v2\/posts\/97987065","targetHints":{"allow":["GET"]}}],"collection":[{"href":"https:\/\/acrimat.org.br\/portal\/wp-json\/wp\/v2\/posts"}],"about":[{"href":"https:\/\/acrimat.org.br\/portal\/wp-json\/wp\/v2\/types\/post"}],"author":[{"embeddable":true,"href":"https:\/\/acrimat.org.br\/portal\/wp-json\/wp\/v2\/users\/7"}],"replies":[{"embeddable":true,"href":"https:\/\/acrimat.org.br\/portal\/wp-json\/wp\/v2\/comments?post=97987065"}],"version-history":[{"count":1,"href":"https:\/\/acrimat.org.br\/portal\/wp-json\/wp\/v2\/posts\/97987065\/revisions"}],"predecessor-version":[{"id":97987066,"href":"https:\/\/acrimat.org.br\/portal\/wp-json\/wp\/v2\/posts\/97987065\/revisions\/97987066"}],"wp:featuredmedia":[{"embeddable":true,"href":"https:\/\/acrimat.org.br\/portal\/wp-json\/wp\/v2\/media\/97984538"}],"wp:attachment":[{"href":"https:\/\/acrimat.org.br\/portal\/wp-json\/wp\/v2\/media?parent=97987065"}],"wp:term":[{"taxonomy":"category","embeddable":true,"href":"https:\/\/acrimat.org.br\/portal\/wp-json\/wp\/v2\/categories?post=97987065"},{"taxonomy":"post_tag","embeddable":true,"href":"https:\/\/acrimat.org.br\/portal\/wp-json\/wp\/v2\/tags?post=97987065"}],"curies":[{"name":"wp","href":"https:\/\/api.w.org\/{rel}","templated":true}]}}