{"id":97987072,"date":"2018-04-11T10:15:07","date_gmt":"2018-04-11T13:15:07","guid":{"rendered":"http:\/\/acrimat.org.br\/portal\/?p=97987072"},"modified":"2018-04-11T10:20:58","modified_gmt":"2018-04-11T13:20:58","slug":"liderancas-cobram-atencao-do-governo-de-mato-grosso-para-saude-e-conectividade","status":"publish","type":"post","link":"https:\/\/acrimat.org.br\/portal\/liderancas-cobram-atencao-do-governo-de-mato-grosso-para-saude-e-conectividade\/","title":{"rendered":"Lideran\u00e7as cobram aten\u00e7\u00e3o do Governo de Mato Grosso para sa\u00fade e conectividade"},"content":{"rendered":"<p>&#8220;Gostaria de fazer um pedido singelo ao governador: olhe para Campo Novo com um \u2018olhar de m\u00e3e\u2019, precisamos de aten\u00e7\u00e3o, nosso hospital precisa de investimento, \u00e9 para nossa comunidade governador&#8221;. O pedido em quest\u00e3o foi feito pela presidente do Sindicato Rural de Campo Novo do Parecis, Giovana Velke, durante a abertura da 11\u00aa edi\u00e7\u00e3o da Parecis SuperAgro, na manh\u00e3 desta ter\u00e7a-feira, 10 de abril, que destacou a dificuldade de conectividade como um dos gargalos da regi\u00e3o. A feira em 2018 tem como foco a tecnologia a servi\u00e7o do campo. Durante a solenidade de abertura autoridades pol\u00edticas e l\u00edderes do agroneg\u00f3cio se uniram em busca de investimentos para a regi\u00e3o e a melhoria em conectividade.<\/p>\n<p>A regi\u00e3o de Campo Novo do Parecis \u00e9 considerada a com maior diversidade agr\u00edcola do Brasil, mais precisamente de 2\u00aa safra. A regi\u00e3o de Campo Novo do Parecis \u00e9 hoje reconhecida internacionalmente por ser respons\u00e1vel por 80% da produ\u00e7\u00e3o de girassol e 80% do milho pipoca do pa\u00eds. Al\u00e9m disso, est\u00e1 ganhando destaque pelos investimentos de produtores na produ\u00e7\u00e3o de gr\u00e3o-de-bico.<\/p>\n<p>A abertura da Parecis SuperAgro na manh\u00e3 desta ter\u00e7a-feira, 10 de abril, contou com a participa\u00e7\u00e3o de diversas autoridades e lideran\u00e7as do agroneg\u00f3cio. Na ocasi\u00e3o a presidente do Sindicato Rural de Campo Novo do Parecis, Giovana Velke, destacou que a regi\u00e3o \u00e9 respons\u00e1vel por cerca de R$ 172 milh\u00f5es da arrecada\u00e7\u00e3o do Fundo Estadual de Transporte e Habita\u00e7\u00e3o (Fethab).<\/p>\n<p>&#8220;Sozinha, Campo Novo responde por R$ 38 milh\u00f5es de contribui\u00e7\u00e3o com o Fethab. O que revela grandiosidade e a necessidade de aten\u00e7\u00e3o maior que temos&#8221;, disse Giovana Velke.<\/p>\n<p>A presidente do Sindicato Rural cobrou do Governo de Mato Grosso aten\u00e7\u00e3o para a regi\u00e3o. &#8220;Gostaria de fazer um pedido singelo ao governador: olhe para Campo Novo com um \u2018olhar de m\u00e3e\u2019, precisamos de aten\u00e7\u00e3o, nosso hospital precisa de investimento, \u00e9 para nossa comunidade governador. Com rela\u00e7\u00e3o aos gargalos que trouxemos para dentro da feira, hoje vivenciamos esse problema s\u00e9rio que \u00e9 a falta de conectividade. \u00c9 um gargalo que impede que esses n\u00fameros citados sejam ainda maiores, pois a agropecu\u00e1ria cada vez mais precisa da tecnologia e da conectividade para dar resultados. Temos tecnologia de ponta nas fazendas, mas n\u00e3o conseguimos usar por falta de conectividade&#8221;.<\/p>\n<p>A Parecis SuperAgro segue at\u00e9 o dia 12 de abril. A feira, uma das principais do agroneg\u00f3cio e de tecnologia voltada para o campo em Mato Grosso, \u00e9 uma Sindicato Rural de Campo Novo do Parecis e do Servi\u00e7o Nacional de Aprendizagem Rural (Senar-MT) e tem como tema central &#8220;Revolu\u00e7\u00e3o Digital no Campo: Como acompanhar essa transforma\u00e7\u00e3o&#8221;.<\/p>\n<p>Em seu discurso, o governador Pedro Taques pediu &#8220;desculpa a todos por n\u00e3o ter resolvido todos os problemas de Mato Grosso nesses tr\u00eas anos e tr\u00eas meses, pois muito ainda precisa ser feito, mas acredito que o trabalho \u00e9 pe\u00e7a chave para a solu\u00e7\u00e3o&#8221;.<\/p>\n<p>Ainda segundo o Chefe do Executivo mato-grossense, &#8220;\u00c9 uma honra estar presente na abertura desta feira t\u00e3o importante, que a cada ano apresenta um grande crescimento, mostrando a for\u00e7a e efic\u00e1cia do setor produtivo. Sem conectividade n\u00e3o se faz desenvolvimento, inova\u00e7\u00e3o e conhecimento. Existe um programa do Minist\u00e9rio da Ci\u00eancia, Tecnologia, Inova\u00e7\u00f5es e Comunica\u00e7\u00f5es (MCTIC), e o Governo do Estado est\u00e1 presente apoiando para fazer essa liga\u00e7\u00e3o e, hoje, estamos aqui para fazer essa demonstra\u00e7\u00e3o&#8221;.<\/p>\n<p><strong>Multiplica\u00e7\u00e3o de conhecimento<\/strong><\/p>\n<p>Na avalia\u00e7\u00e3o do presidente do Sistema Famato, Normando Corral, a Parecis SuperAgro &#8220;\u00e9 algo sublime da produ\u00e7\u00e3o e uma grande oportunidade para multiplicar o conhecimento, n\u00e3o apenas entre o setor agropecu\u00e1rio, mas na sociedade em um todo. As discuss\u00f5es aqui realizadas impactam no cotidiano das pessoas e no futuro do Brasil&#8221;.<\/p>\n<p>Presente na abertura, o presidente da Associa\u00e7\u00e3o dos Produtores de Soja e Milho de Mato Grosso (Aprosoja Mato Grosso ), Ant\u00f4nio Galvan, frisou que &#8220;Precisamos levantar a cabe\u00e7a e fazer Mato Grosso ser grande. Campo Novo do Parecis \u00e9 um munic\u00edpio dentro do estado com um imenso potencial, assim como outros munic\u00edpios&#8221;.<\/p>\n<p>O presidente da Associa\u00e7\u00e3o Mato-grossense dos Produtores de Algod\u00e3o (Ampa), Alexandre Schenkel, disse que &#8220;Essa feira valoriza o agroneg\u00f3cio de forma geral e traz as melhores e mais recentes tend\u00eancias tecnol\u00f3gicas do mercado. Todos os envolvidos est\u00e3o de parab\u00e9ns por todo esse trabalho que resultou nesta grande feira&#8221;.<\/p>\n<p><strong>Dia de Campo e as vantagens do ILPF em Mato Grosso<\/strong><\/p>\n<p>O crescimento e as vantagens do sistema Integra\u00e7\u00e3o Lavoura-Pecu\u00e1ria-Floresta (ILPF) \u00e9 um dos destaques da Parecis SuperAgro em 2018, tanto que um dia de campo foi realizado na segunda-feira, 09 de abril. O fato foi lembrado pelo diretor executivo da Associa\u00e7\u00e3o dos Criadores de Mato Grosso (Acrimat), Luciano Vacari. &#8220;Em nome da Acrimat, agrade\u00e7o pelo convite e oportunidade de falar de pecu\u00e1ria dentro da Parecis SuperAgro, refor\u00e7ando o conhecimento da Integra\u00e7\u00e3o Lavoura-Pecu\u00e1ria (ILP), em uma feira t\u00e9cnica voltada para o produtor rural de Mato Grosso&#8221;.<\/p>\n<p>Conforme dados do Instituto de Defesa Agropecu\u00e1ria de Mato Grosso (Indea-MT), a regi\u00e3o Oeste de Mato Grosso, onde Campo Novo do Parecis est\u00e1 localizado, possui um rebanho estimado em mais de 4.700.000 de cabe\u00e7as de gado.<\/p>\n<p>O dia de campo foi realizado na Fazenda S\u00e3o Paulo, em Brasnorte. A iniciativa foi uma parceria da 11\u00aa Parecis SuperAgro e da Embrapa.<\/p>\n<p>A Fazenda S\u00e3o Paulo \u00e9 hoje refer\u00eancia pelo uso do sistema Integra\u00e7\u00e3o Lavoura-Pecu\u00e1ria-Floresta (ILPF) e destina 50 hectares de sua \u00e1rea para consorciar, eucalipto, teca, mogno africano e cria\u00e7\u00e3o de gado.<\/p>\n<p>Hoje, o Brasil possui mais de 14 milh\u00f5es de hectares destinados ao sistema de integra\u00e7\u00e3o, seja ele Lavoura-Pecu\u00e1ria (ILP) ou com Floresta (ILPF). Mato Grosso possui 1,7 milh\u00e3o de hectares cultivados, aproximadamente, no sistema, enquanto Mato Grosso do Sul lidera com 2 milh\u00f5es de hectares com sistemas integrados.<\/p>\n<p>&#8220;Eu sou um homem que gosta de modificar, melhorar e quantificar o sistema. Ainda n\u00e3o posso dizer que os resultados futuros ser\u00e3o os melhores, mas estou confiante e a sombra que essas \u00e1rvores fazem para os animais, paga parte do esfor\u00e7o&#8221;, diz Vit\u00f3rio Herklotz, propriet\u00e1rio da Fazenda S\u00e3o Paulo, que est\u00e1 sempre em busca de novas alternativas no setor do agroneg\u00f3cio.<\/p>\n","protected":false},"excerpt":{"rendered":"<p>A feira em 2018 tem como foco a tecnologia a servi\u00e7o do campo. Durante a solenidade de abertura autoridades pol\u00edticas e l\u00edderes do agroneg\u00f3cio se uniram em busca de investimentos para a regi\u00e3o e a melhoria em conectividade.<\/p>\n","protected":false},"author":7,"featured_media":97987073,"comment_status":"closed","ping_status":"closed","sticky":false,"template":"","format":"standard","meta":{"footnotes":""},"categories":[6,1],"tags":[],"class_list":["post-97987072","post","type-post","status-publish","format-standard","has-post-thumbnail","hentry","category-destaque","category-noticia"],"yoast_head":"<!-- This site is optimized with the Yoast SEO plugin v24.8.1 - https:\/\/yoast.com\/wordpress\/plugins\/seo\/ -->\n<title>Lideran\u00e7as cobram aten\u00e7\u00e3o do Governo de Mato Grosso para sa\u00fade e conectividade - Acrimat<\/title>\n<meta name=\"robots\" content=\"index, follow, max-snippet:-1, max-image-preview:large, max-video-preview:-1\" \/>\n<link rel=\"canonical\" href=\"https:\/\/acrimat.org.br\/portal\/liderancas-cobram-atencao-do-governo-de-mato-grosso-para-saude-e-conectividade\/\" \/>\n<meta property=\"og:locale\" content=\"pt_BR\" \/>\n<meta property=\"og:type\" content=\"article\" \/>\n<meta property=\"og:title\" content=\"Lideran\u00e7as cobram aten\u00e7\u00e3o do Governo de Mato Grosso para sa\u00fade e conectividade - Acrimat\" \/>\n<meta property=\"og:description\" content=\"A feira em 2018 tem como foco a tecnologia a servi\u00e7o do campo. Durante a solenidade de abertura autoridades pol\u00edticas e l\u00edderes do agroneg\u00f3cio se uniram em busca de investimentos para a regi\u00e3o e a melhoria em conectividade.\" \/>\n<meta property=\"og:url\" content=\"https:\/\/acrimat.org.br\/portal\/liderancas-cobram-atencao-do-governo-de-mato-grosso-para-saude-e-conectividade\/\" \/>\n<meta property=\"og:site_name\" content=\"Acrimat\" \/>\n<meta property=\"article:published_time\" content=\"2018-04-11T13:15:07+00:00\" \/>\n<meta property=\"article:modified_time\" content=\"2018-04-11T13:20:58+00:00\" \/>\n<meta property=\"og:image\" content=\"https:\/\/acrimat.org.br\/portal\/wp-content\/uploads\/2018\/04\/2fe5f08244c7251272a8ec6bb8835cad.jpg\" \/>\n\t<meta property=\"og:image:width\" content=\"475\" \/>\n\t<meta property=\"og:image:height\" content=\"317\" \/>\n\t<meta property=\"og:image:type\" content=\"image\/jpeg\" \/>\n<meta name=\"author\" content=\"Assessoria de comunica\u00e7\u00e3o ACRIMAT\" \/>\n<meta name=\"twitter:card\" content=\"summary_large_image\" \/>\n<meta name=\"twitter:label1\" content=\"Escrito por\" \/>\n\t<meta name=\"twitter:data1\" content=\"Assessoria de comunica\u00e7\u00e3o ACRIMAT\" \/>\n\t<meta name=\"twitter:label2\" content=\"Est. tempo de leitura\" \/>\n\t<meta name=\"twitter:data2\" content=\"5 minutos\" \/>\n<script type=\"application\/ld+json\" class=\"yoast-schema-graph\">{\"@context\":\"https:\/\/schema.org\",\"@graph\":[{\"@type\":\"Article\",\"@id\":\"https:\/\/acrimat.org.br\/portal\/liderancas-cobram-atencao-do-governo-de-mato-grosso-para-saude-e-conectividade\/#article\",\"isPartOf\":{\"@id\":\"https:\/\/acrimat.org.br\/portal\/liderancas-cobram-atencao-do-governo-de-mato-grosso-para-saude-e-conectividade\/\"},\"author\":{\"name\":\"Assessoria de comunica\u00e7\u00e3o ACRIMAT\",\"@id\":\"https:\/\/acrimat.org.br\/portal\/#\/schema\/person\/a309b9496344ff991e8e1b1d751fdd7b\"},\"headline\":\"Lideran\u00e7as cobram aten\u00e7\u00e3o do Governo de Mato Grosso para sa\u00fade e conectividade\",\"datePublished\":\"2018-04-11T13:15:07+00:00\",\"dateModified\":\"2018-04-11T13:20:58+00:00\",\"mainEntityOfPage\":{\"@id\":\"https:\/\/acrimat.org.br\/portal\/liderancas-cobram-atencao-do-governo-de-mato-grosso-para-saude-e-conectividade\/\"},\"wordCount\":1087,\"publisher\":{\"@id\":\"https:\/\/acrimat.org.br\/portal\/#organization\"},\"image\":{\"@id\":\"https:\/\/acrimat.org.br\/portal\/liderancas-cobram-atencao-do-governo-de-mato-grosso-para-saude-e-conectividade\/#primaryimage\"},\"thumbnailUrl\":\"https:\/\/acrimat.org.br\/portal\/wp-content\/uploads\/2018\/04\/2fe5f08244c7251272a8ec6bb8835cad.jpg\",\"articleSection\":[\"Destaques\",\"Not\u00edcias\"],\"inLanguage\":\"pt-BR\"},{\"@type\":\"WebPage\",\"@id\":\"https:\/\/acrimat.org.br\/portal\/liderancas-cobram-atencao-do-governo-de-mato-grosso-para-saude-e-conectividade\/\",\"url\":\"https:\/\/acrimat.org.br\/portal\/liderancas-cobram-atencao-do-governo-de-mato-grosso-para-saude-e-conectividade\/\",\"name\":\"Lideran\u00e7as cobram aten\u00e7\u00e3o do Governo de Mato Grosso para sa\u00fade e conectividade - Acrimat\",\"isPartOf\":{\"@id\":\"https:\/\/acrimat.org.br\/portal\/#website\"},\"primaryImageOfPage\":{\"@id\":\"https:\/\/acrimat.org.br\/portal\/liderancas-cobram-atencao-do-governo-de-mato-grosso-para-saude-e-conectividade\/#primaryimage\"},\"image\":{\"@id\":\"https:\/\/acrimat.org.br\/portal\/liderancas-cobram-atencao-do-governo-de-mato-grosso-para-saude-e-conectividade\/#primaryimage\"},\"thumbnailUrl\":\"https:\/\/acrimat.org.br\/portal\/wp-content\/uploads\/2018\/04\/2fe5f08244c7251272a8ec6bb8835cad.jpg\",\"datePublished\":\"2018-04-11T13:15:07+00:00\",\"dateModified\":\"2018-04-11T13:20:58+00:00\",\"breadcrumb\":{\"@id\":\"https:\/\/acrimat.org.br\/portal\/liderancas-cobram-atencao-do-governo-de-mato-grosso-para-saude-e-conectividade\/#breadcrumb\"},\"inLanguage\":\"pt-BR\",\"potentialAction\":[{\"@type\":\"ReadAction\",\"target\":[\"https:\/\/acrimat.org.br\/portal\/liderancas-cobram-atencao-do-governo-de-mato-grosso-para-saude-e-conectividade\/\"]}]},{\"@type\":\"ImageObject\",\"inLanguage\":\"pt-BR\",\"@id\":\"https:\/\/acrimat.org.br\/portal\/liderancas-cobram-atencao-do-governo-de-mato-grosso-para-saude-e-conectividade\/#primaryimage\",\"url\":\"https:\/\/acrimat.org.br\/portal\/wp-content\/uploads\/2018\/04\/2fe5f08244c7251272a8ec6bb8835cad.jpg\",\"contentUrl\":\"https:\/\/acrimat.org.br\/portal\/wp-content\/uploads\/2018\/04\/2fe5f08244c7251272a8ec6bb8835cad.jpg\",\"width\":475,\"height\":317},{\"@type\":\"BreadcrumbList\",\"@id\":\"https:\/\/acrimat.org.br\/portal\/liderancas-cobram-atencao-do-governo-de-mato-grosso-para-saude-e-conectividade\/#breadcrumb\",\"itemListElement\":[{\"@type\":\"ListItem\",\"position\":1,\"name\":\"In\u00edcio\",\"item\":\"https:\/\/acrimat.org.br\/portal\/\"},{\"@type\":\"ListItem\",\"position\":2,\"name\":\"Lideran\u00e7as cobram aten\u00e7\u00e3o do Governo de Mato Grosso para sa\u00fade e conectividade\"}]},{\"@type\":\"WebSite\",\"@id\":\"https:\/\/acrimat.org.br\/portal\/#website\",\"url\":\"https:\/\/acrimat.org.br\/portal\/\",\"name\":\"Acrimat\",\"description\":\"Associa\u00e7\u00e3o dos Criadores de Mato Grosso\",\"publisher\":{\"@id\":\"https:\/\/acrimat.org.br\/portal\/#organization\"},\"potentialAction\":[{\"@type\":\"SearchAction\",\"target\":{\"@type\":\"EntryPoint\",\"urlTemplate\":\"https:\/\/acrimat.org.br\/portal\/?s={search_term_string}\"},\"query-input\":{\"@type\":\"PropertyValueSpecification\",\"valueRequired\":true,\"valueName\":\"search_term_string\"}}],\"inLanguage\":\"pt-BR\"},{\"@type\":\"Organization\",\"@id\":\"https:\/\/acrimat.org.br\/portal\/#organization\",\"name\":\"Associa\u00e7\u00e3o dos Criadores de Mato Grosso\",\"url\":\"https:\/\/acrimat.org.br\/portal\/\",\"logo\":{\"@type\":\"ImageObject\",\"inLanguage\":\"pt-BR\",\"@id\":\"https:\/\/acrimat.org.br\/portal\/#\/schema\/logo\/image\/\",\"url\":\"https:\/\/acrimat.org.br\/portal\/wp-content\/uploads\/2018\/03\/logo-peq-original.png\",\"contentUrl\":\"https:\/\/acrimat.org.br\/portal\/wp-content\/uploads\/2018\/03\/logo-peq-original.png\",\"width\":174,\"height\":171,\"caption\":\"Associa\u00e7\u00e3o dos Criadores de Mato Grosso\"},\"image\":{\"@id\":\"https:\/\/acrimat.org.br\/portal\/#\/schema\/logo\/image\/\"}},{\"@type\":\"Person\",\"@id\":\"https:\/\/acrimat.org.br\/portal\/#\/schema\/person\/a309b9496344ff991e8e1b1d751fdd7b\",\"name\":\"Assessoria de comunica\u00e7\u00e3o ACRIMAT\",\"image\":{\"@type\":\"ImageObject\",\"inLanguage\":\"pt-BR\",\"@id\":\"https:\/\/acrimat.org.br\/portal\/#\/schema\/person\/image\/\",\"url\":\"https:\/\/secure.gravatar.com\/avatar\/2f9c28e64c317bcd762b25cb1575f1b4?s=96&d=mm&r=g\",\"contentUrl\":\"https:\/\/secure.gravatar.com\/avatar\/2f9c28e64c317bcd762b25cb1575f1b4?s=96&d=mm&r=g\",\"caption\":\"Assessoria de comunica\u00e7\u00e3o ACRIMAT\"},\"sameAs\":[\"http:\/\/acrimat.org.br\/\"],\"url\":\"https:\/\/acrimat.org.br\/portal\/author\/ascom\/\"}]}<\/script>\n<!-- \/ Yoast SEO plugin. -->","yoast_head_json":{"title":"Lideran\u00e7as cobram aten\u00e7\u00e3o do Governo de Mato Grosso para sa\u00fade e conectividade - Acrimat","robots":{"index":"index","follow":"follow","max-snippet":"max-snippet:-1","max-image-preview":"max-image-preview:large","max-video-preview":"max-video-preview:-1"},"canonical":"https:\/\/acrimat.org.br\/portal\/liderancas-cobram-atencao-do-governo-de-mato-grosso-para-saude-e-conectividade\/","og_locale":"pt_BR","og_type":"article","og_title":"Lideran\u00e7as cobram aten\u00e7\u00e3o do Governo de Mato Grosso para sa\u00fade e conectividade - Acrimat","og_description":"A feira em 2018 tem como foco a tecnologia a servi\u00e7o do campo. Durante a solenidade de abertura autoridades pol\u00edticas e l\u00edderes do agroneg\u00f3cio se uniram em busca de investimentos para a regi\u00e3o e a melhoria em conectividade.","og_url":"https:\/\/acrimat.org.br\/portal\/liderancas-cobram-atencao-do-governo-de-mato-grosso-para-saude-e-conectividade\/","og_site_name":"Acrimat","article_published_time":"2018-04-11T13:15:07+00:00","article_modified_time":"2018-04-11T13:20:58+00:00","og_image":[{"width":475,"height":317,"url":"https:\/\/acrimat.org.br\/portal\/wp-content\/uploads\/2018\/04\/2fe5f08244c7251272a8ec6bb8835cad.jpg","type":"image\/jpeg"}],"author":"Assessoria de comunica\u00e7\u00e3o ACRIMAT","twitter_card":"summary_large_image","twitter_misc":{"Escrito por":"Assessoria de comunica\u00e7\u00e3o ACRIMAT","Est. tempo de leitura":"5 minutos"},"schema":{"@context":"https:\/\/schema.org","@graph":[{"@type":"Article","@id":"https:\/\/acrimat.org.br\/portal\/liderancas-cobram-atencao-do-governo-de-mato-grosso-para-saude-e-conectividade\/#article","isPartOf":{"@id":"https:\/\/acrimat.org.br\/portal\/liderancas-cobram-atencao-do-governo-de-mato-grosso-para-saude-e-conectividade\/"},"author":{"name":"Assessoria de comunica\u00e7\u00e3o ACRIMAT","@id":"https:\/\/acrimat.org.br\/portal\/#\/schema\/person\/a309b9496344ff991e8e1b1d751fdd7b"},"headline":"Lideran\u00e7as cobram aten\u00e7\u00e3o do Governo de Mato Grosso para sa\u00fade e conectividade","datePublished":"2018-04-11T13:15:07+00:00","dateModified":"2018-04-11T13:20:58+00:00","mainEntityOfPage":{"@id":"https:\/\/acrimat.org.br\/portal\/liderancas-cobram-atencao-do-governo-de-mato-grosso-para-saude-e-conectividade\/"},"wordCount":1087,"publisher":{"@id":"https:\/\/acrimat.org.br\/portal\/#organization"},"image":{"@id":"https:\/\/acrimat.org.br\/portal\/liderancas-cobram-atencao-do-governo-de-mato-grosso-para-saude-e-conectividade\/#primaryimage"},"thumbnailUrl":"https:\/\/acrimat.org.br\/portal\/wp-content\/uploads\/2018\/04\/2fe5f08244c7251272a8ec6bb8835cad.jpg","articleSection":["Destaques","Not\u00edcias"],"inLanguage":"pt-BR"},{"@type":"WebPage","@id":"https:\/\/acrimat.org.br\/portal\/liderancas-cobram-atencao-do-governo-de-mato-grosso-para-saude-e-conectividade\/","url":"https:\/\/acrimat.org.br\/portal\/liderancas-cobram-atencao-do-governo-de-mato-grosso-para-saude-e-conectividade\/","name":"Lideran\u00e7as cobram aten\u00e7\u00e3o do Governo de Mato Grosso para sa\u00fade e conectividade - Acrimat","isPartOf":{"@id":"https:\/\/acrimat.org.br\/portal\/#website"},"primaryImageOfPage":{"@id":"https:\/\/acrimat.org.br\/portal\/liderancas-cobram-atencao-do-governo-de-mato-grosso-para-saude-e-conectividade\/#primaryimage"},"image":{"@id":"https:\/\/acrimat.org.br\/portal\/liderancas-cobram-atencao-do-governo-de-mato-grosso-para-saude-e-conectividade\/#primaryimage"},"thumbnailUrl":"https:\/\/acrimat.org.br\/portal\/wp-content\/uploads\/2018\/04\/2fe5f08244c7251272a8ec6bb8835cad.jpg","datePublished":"2018-04-11T13:15:07+00:00","dateModified":"2018-04-11T13:20:58+00:00","breadcrumb":{"@id":"https:\/\/acrimat.org.br\/portal\/liderancas-cobram-atencao-do-governo-de-mato-grosso-para-saude-e-conectividade\/#breadcrumb"},"inLanguage":"pt-BR","potentialAction":[{"@type":"ReadAction","target":["https:\/\/acrimat.org.br\/portal\/liderancas-cobram-atencao-do-governo-de-mato-grosso-para-saude-e-conectividade\/"]}]},{"@type":"ImageObject","inLanguage":"pt-BR","@id":"https:\/\/acrimat.org.br\/portal\/liderancas-cobram-atencao-do-governo-de-mato-grosso-para-saude-e-conectividade\/#primaryimage","url":"https:\/\/acrimat.org.br\/portal\/wp-content\/uploads\/2018\/04\/2fe5f08244c7251272a8ec6bb8835cad.jpg","contentUrl":"https:\/\/acrimat.org.br\/portal\/wp-content\/uploads\/2018\/04\/2fe5f08244c7251272a8ec6bb8835cad.jpg","width":475,"height":317},{"@type":"BreadcrumbList","@id":"https:\/\/acrimat.org.br\/portal\/liderancas-cobram-atencao-do-governo-de-mato-grosso-para-saude-e-conectividade\/#breadcrumb","itemListElement":[{"@type":"ListItem","position":1,"name":"In\u00edcio","item":"https:\/\/acrimat.org.br\/portal\/"},{"@type":"ListItem","position":2,"name":"Lideran\u00e7as cobram aten\u00e7\u00e3o do Governo de Mato Grosso para sa\u00fade e conectividade"}]},{"@type":"WebSite","@id":"https:\/\/acrimat.org.br\/portal\/#website","url":"https:\/\/acrimat.org.br\/portal\/","name":"Acrimat","description":"Associa\u00e7\u00e3o dos Criadores de Mato Grosso","publisher":{"@id":"https:\/\/acrimat.org.br\/portal\/#organization"},"potentialAction":[{"@type":"SearchAction","target":{"@type":"EntryPoint","urlTemplate":"https:\/\/acrimat.org.br\/portal\/?s={search_term_string}"},"query-input":{"@type":"PropertyValueSpecification","valueRequired":true,"valueName":"search_term_string"}}],"inLanguage":"pt-BR"},{"@type":"Organization","@id":"https:\/\/acrimat.org.br\/portal\/#organization","name":"Associa\u00e7\u00e3o dos Criadores de Mato Grosso","url":"https:\/\/acrimat.org.br\/portal\/","logo":{"@type":"ImageObject","inLanguage":"pt-BR","@id":"https:\/\/acrimat.org.br\/portal\/#\/schema\/logo\/image\/","url":"https:\/\/acrimat.org.br\/portal\/wp-content\/uploads\/2018\/03\/logo-peq-original.png","contentUrl":"https:\/\/acrimat.org.br\/portal\/wp-content\/uploads\/2018\/03\/logo-peq-original.png","width":174,"height":171,"caption":"Associa\u00e7\u00e3o dos Criadores de Mato Grosso"},"image":{"@id":"https:\/\/acrimat.org.br\/portal\/#\/schema\/logo\/image\/"}},{"@type":"Person","@id":"https:\/\/acrimat.org.br\/portal\/#\/schema\/person\/a309b9496344ff991e8e1b1d751fdd7b","name":"Assessoria de comunica\u00e7\u00e3o ACRIMAT","image":{"@type":"ImageObject","inLanguage":"pt-BR","@id":"https:\/\/acrimat.org.br\/portal\/#\/schema\/person\/image\/","url":"https:\/\/secure.gravatar.com\/avatar\/2f9c28e64c317bcd762b25cb1575f1b4?s=96&d=mm&r=g","contentUrl":"https:\/\/secure.gravatar.com\/avatar\/2f9c28e64c317bcd762b25cb1575f1b4?s=96&d=mm&r=g","caption":"Assessoria de comunica\u00e7\u00e3o ACRIMAT"},"sameAs":["http:\/\/acrimat.org.br\/"],"url":"https:\/\/acrimat.org.br\/portal\/author\/ascom\/"}]}},"_links":{"self":[{"href":"https:\/\/acrimat.org.br\/portal\/wp-json\/wp\/v2\/posts\/97987072","targetHints":{"allow":["GET"]}}],"collection":[{"href":"https:\/\/acrimat.org.br\/portal\/wp-json\/wp\/v2\/posts"}],"about":[{"href":"https:\/\/acrimat.org.br\/portal\/wp-json\/wp\/v2\/types\/post"}],"author":[{"embeddable":true,"href":"https:\/\/acrimat.org.br\/portal\/wp-json\/wp\/v2\/users\/7"}],"replies":[{"embeddable":true,"href":"https:\/\/acrimat.org.br\/portal\/wp-json\/wp\/v2\/comments?post=97987072"}],"version-history":[{"count":2,"href":"https:\/\/acrimat.org.br\/portal\/wp-json\/wp\/v2\/posts\/97987072\/revisions"}],"predecessor-version":[{"id":97987075,"href":"https:\/\/acrimat.org.br\/portal\/wp-json\/wp\/v2\/posts\/97987072\/revisions\/97987075"}],"wp:featuredmedia":[{"embeddable":true,"href":"https:\/\/acrimat.org.br\/portal\/wp-json\/wp\/v2\/media\/97987073"}],"wp:attachment":[{"href":"https:\/\/acrimat.org.br\/portal\/wp-json\/wp\/v2\/media?parent=97987072"}],"wp:term":[{"taxonomy":"category","embeddable":true,"href":"https:\/\/acrimat.org.br\/portal\/wp-json\/wp\/v2\/categories?post=97987072"},{"taxonomy":"post_tag","embeddable":true,"href":"https:\/\/acrimat.org.br\/portal\/wp-json\/wp\/v2\/tags?post=97987072"}],"curies":[{"name":"wp","href":"https:\/\/api.w.org\/{rel}","templated":true}]}}