{"id":97987079,"date":"2018-04-11T10:29:46","date_gmt":"2018-04-11T13:29:46","guid":{"rendered":"http:\/\/acrimat.org.br\/portal\/?p=97987079"},"modified":"2018-04-11T10:30:50","modified_gmt":"2018-04-11T13:30:50","slug":"intercorte-discutira-em-cuiaba-estrategias-para-vender-mais-e-o-que-o-consumidor-final-quer","status":"publish","type":"post","link":"https:\/\/acrimat.org.br\/portal\/intercorte-discutira-em-cuiaba-estrategias-para-vender-mais-e-o-que-o-consumidor-final-quer\/","title":{"rendered":"InterCorte discutir\u00e1 estrat\u00e9gias para vender mais e o que o consumidor final quer"},"content":{"rendered":"<p>Dando a largada da s\u00e9tima edi\u00e7\u00e3o em Cuiab\u00e1 nos dias 12 e 13 de abril, a InterCorte n\u00e3o s\u00f3 trar\u00e1 informa\u00e7\u00f5es t\u00e9cnicas para os pecuaristas, mas tamb\u00e9m resultados implantados nas propriedades que deram certo, estrat\u00e9gias para vender mais e o que de fato o consumidor final quer ao ir no a\u00e7ougue, no supermercado ou restaurante. O evento est\u00e1 nesta edi\u00e7\u00e3o dividido em quatro blocos de discuss\u00e3o, que na avalia\u00e7\u00e3o de especialistas e pecuaristas, se completam e respondem os anseios da cadeia produtiva.<\/p>\n<p>A InterCorte em Cuiab\u00e1 ser\u00e1 realizada no Cenarium Rural e a expectativa \u00e9 que o n\u00famero de participantes supere as 1,5 mil pessoas que na edi\u00e7\u00e3o de 2017 circularam pela Capital mato-grossense. Dados da organiza\u00e7\u00e3o revelam que no ano passado 80% do p\u00fablico participante eram produtores rurais.<\/p>\n<p>\u201cO evento traz n\u00e3o somente informa\u00e7\u00f5es t\u00e9cnicas, mas como tamb\u00e9m a pr\u00e1tica. O que est\u00e1 sendo trabalhado na propriedade rural\u201d, pontua o presidente da Associa\u00e7\u00e3o dos Criadores de Mato Grosso (Acrimat), Marco T\u00falio Duarte Soares.<\/p>\n<p>Mato Grosso \u00e9 detentor de um rebanho de aproximadamente 30 milh\u00f5es de cabe\u00e7as de gado, cerca de 14% do rebanho brasileiro. O diretor executivo da Acrimat, Luciano Vacari, lembra que se Mato Grosso fosse um pa\u00eds teria o sexto maior rebanho do mundo e seria o quarto maior em termos de carca\u00e7a pesada. \u201cA InterCorte vem de encontro com o trabalho que a Acrimat vem desenvolvendo ao longo dos anos que \u00e9 o de levar informa\u00e7\u00e3o ao produtor tamb\u00e9m\u201d.<\/p>\n<p>De acordo com Carla Tuccilio, diretora do Terraviva Eventos, empresa respons\u00e1vel pela realiza\u00e7\u00e3o da InterCorte, o evento \u201c\u00e9 uma ferramenta da uni\u00e3o da cadeia produtiva\u201d. Tuccilio destaca que a InterCorte busca n\u00e3o s\u00f3 levar informa\u00e7\u00e3o ao produtor rural, mas tamb\u00e9m ao consumidor final sobre a cadeia, tanto que nas \u00faltimas edi\u00e7\u00f5es foram realizadas a\u00e7\u00f5es de incentivo ao consumo de carne bovina atrav\u00e9s da Beef Week, que neste ano em Cuiab\u00e1 foi transferida para o Festival Braseiro, que ocorre no dia 14 de abril.<\/p>\n<p>Como o\u00a0<em><strong>Mato Grosso Agro<\/strong><\/em>\u00a0j\u00e1 comentou, a programa\u00e7\u00e3o da InterCorte em Cuiab\u00e1 estar\u00e1 dividida em quatro blocos tem\u00e1ticos: Produzir mais carne, que ir\u00e1 demonstrar que a efici\u00eancia t\u00e9cnica gera maiores ganhos, tendo o conceito de produzir mais em menos; Inova\u00e7\u00e3o, que pretende abordar junto ao produtor m\u00e9todos e t\u00e9cnicas novas da chamada quarta revolu\u00e7\u00e3o; Vender Mais e Vender Melhor, que apresentar\u00e1 ao produtor meios e subs\u00eddios para melhorar o mercado da carne; e Comunica\u00e7\u00e3o, que promover\u00e1 o debate com o produtor sobre a habilidade de comunica\u00e7\u00e3o, como o produtor divulga seus resultados e a\u00e7\u00f5es, e como a sociedade enxerga o Agroneg\u00f3cio.<\/p>\n<p>Marcos Jacinto, pecuarista de Ga\u00facha do Norte (MT), ser\u00e1 um dos cases de sucesso a ser apresentado no dia 12 de abril durante o primeiro bloco \u201cProduzir mais carne\u201d. Conforme ele, a participa\u00e7\u00e3o de produtos em eventos e estarem sempre em busca de conhecimento \u201cfaz a diferen\u00e7a na propriedade se aplicado o que foi apresentado\u201d.<\/p>\n<p>De acordo com Di\u00e9de Loureiro, diretor da empresa Fazen, que acaba de chegar a Mato Grosso, a InterCorte \u00e9 uma democratiza\u00e7\u00e3o da informa\u00e7\u00e3o. \u201cCada evento h\u00e1 uma nova vis\u00e3o do que se est\u00e1 aplicando no campo e do que est\u00e1 dando certo\u201d.<\/p>\n<p>O zootecnista e gerente de desenvolvimento de neg\u00f3cios da Connan Nutri\u00e7\u00e3o Animal, Wolney Alvim Pereira Jr, destaca que n\u00e3o s\u00f3 os produtores est\u00e3o cada vez mais buscando eventos que atendam as suas necessidades, mas tamb\u00e9m \u201cas empresas est\u00e3o buscando eventos que achem ser de qualidade e com isso \u00e9 preciso ter o produtor presente. A InterCorte \u00e9 um case de sucesso, pois tudo o que \u00e9 mostrado e falado \u00e9 colocado em pr\u00e1tica\u201d.<\/p>\n","protected":false},"excerpt":{"rendered":"<p>Dando a largada da s\u00e9tima edi\u00e7\u00e3o em Cuiab\u00e1 nos dias 12 e 13 de abril<\/p>\n","protected":false},"author":7,"featured_media":97987080,"comment_status":"closed","ping_status":"closed","sticky":false,"template":"","format":"standard","meta":{"footnotes":""},"categories":[6,1],"tags":[],"class_list":["post-97987079","post","type-post","status-publish","format-standard","has-post-thumbnail","hentry","category-destaque","category-noticia"],"yoast_head":"<!-- This site is optimized with the Yoast SEO plugin v24.8.1 - https:\/\/yoast.com\/wordpress\/plugins\/seo\/ -->\n<title>InterCorte discutir\u00e1 estrat\u00e9gias para vender mais e o que o consumidor final quer - Acrimat<\/title>\n<meta name=\"robots\" content=\"index, follow, max-snippet:-1, max-image-preview:large, max-video-preview:-1\" \/>\n<link rel=\"canonical\" href=\"https:\/\/acrimat.org.br\/portal\/intercorte-discutira-em-cuiaba-estrategias-para-vender-mais-e-o-que-o-consumidor-final-quer\/\" \/>\n<meta property=\"og:locale\" content=\"pt_BR\" \/>\n<meta property=\"og:type\" content=\"article\" \/>\n<meta property=\"og:title\" content=\"InterCorte discutir\u00e1 estrat\u00e9gias para vender mais e o que o consumidor final quer - Acrimat\" \/>\n<meta property=\"og:description\" content=\"Dando a largada da s\u00e9tima edi\u00e7\u00e3o em Cuiab\u00e1 nos dias 12 e 13 de abril\" \/>\n<meta property=\"og:url\" content=\"https:\/\/acrimat.org.br\/portal\/intercorte-discutira-em-cuiaba-estrategias-para-vender-mais-e-o-que-o-consumidor-final-quer\/\" \/>\n<meta property=\"og:site_name\" content=\"Acrimat\" \/>\n<meta property=\"article:published_time\" content=\"2018-04-11T13:29:46+00:00\" \/>\n<meta property=\"article:modified_time\" content=\"2018-04-11T13:30:50+00:00\" \/>\n<meta property=\"og:image\" content=\"https:\/\/acrimat.org.br\/portal\/wp-content\/uploads\/2018\/04\/apresentacao-intercorte-2018_001.jpg\" \/>\n\t<meta property=\"og:image:width\" content=\"1280\" \/>\n\t<meta property=\"og:image:height\" content=\"720\" \/>\n\t<meta property=\"og:image:type\" content=\"image\/jpeg\" \/>\n<meta name=\"author\" content=\"Assessoria de comunica\u00e7\u00e3o ACRIMAT\" \/>\n<meta name=\"twitter:card\" content=\"summary_large_image\" \/>\n<meta name=\"twitter:label1\" content=\"Escrito por\" \/>\n\t<meta name=\"twitter:data1\" content=\"Assessoria de comunica\u00e7\u00e3o ACRIMAT\" \/>\n\t<meta name=\"twitter:label2\" content=\"Est. tempo de leitura\" \/>\n\t<meta name=\"twitter:data2\" content=\"3 minutos\" \/>\n<script type=\"application\/ld+json\" class=\"yoast-schema-graph\">{\"@context\":\"https:\/\/schema.org\",\"@graph\":[{\"@type\":\"Article\",\"@id\":\"https:\/\/acrimat.org.br\/portal\/intercorte-discutira-em-cuiaba-estrategias-para-vender-mais-e-o-que-o-consumidor-final-quer\/#article\",\"isPartOf\":{\"@id\":\"https:\/\/acrimat.org.br\/portal\/intercorte-discutira-em-cuiaba-estrategias-para-vender-mais-e-o-que-o-consumidor-final-quer\/\"},\"author\":{\"name\":\"Assessoria de comunica\u00e7\u00e3o ACRIMAT\",\"@id\":\"https:\/\/acrimat.org.br\/portal\/#\/schema\/person\/a309b9496344ff991e8e1b1d751fdd7b\"},\"headline\":\"InterCorte discutir\u00e1 estrat\u00e9gias para vender mais e o que o consumidor final quer\",\"datePublished\":\"2018-04-11T13:29:46+00:00\",\"dateModified\":\"2018-04-11T13:30:50+00:00\",\"mainEntityOfPage\":{\"@id\":\"https:\/\/acrimat.org.br\/portal\/intercorte-discutira-em-cuiaba-estrategias-para-vender-mais-e-o-que-o-consumidor-final-quer\/\"},\"wordCount\":658,\"publisher\":{\"@id\":\"https:\/\/acrimat.org.br\/portal\/#organization\"},\"image\":{\"@id\":\"https:\/\/acrimat.org.br\/portal\/intercorte-discutira-em-cuiaba-estrategias-para-vender-mais-e-o-que-o-consumidor-final-quer\/#primaryimage\"},\"thumbnailUrl\":\"https:\/\/acrimat.org.br\/portal\/wp-content\/uploads\/2018\/04\/apresentacao-intercorte-2018_001.jpg\",\"articleSection\":[\"Destaques\",\"Not\u00edcias\"],\"inLanguage\":\"pt-BR\"},{\"@type\":\"WebPage\",\"@id\":\"https:\/\/acrimat.org.br\/portal\/intercorte-discutira-em-cuiaba-estrategias-para-vender-mais-e-o-que-o-consumidor-final-quer\/\",\"url\":\"https:\/\/acrimat.org.br\/portal\/intercorte-discutira-em-cuiaba-estrategias-para-vender-mais-e-o-que-o-consumidor-final-quer\/\",\"name\":\"InterCorte discutir\u00e1 estrat\u00e9gias para vender mais e o que o consumidor final quer - Acrimat\",\"isPartOf\":{\"@id\":\"https:\/\/acrimat.org.br\/portal\/#website\"},\"primaryImageOfPage\":{\"@id\":\"https:\/\/acrimat.org.br\/portal\/intercorte-discutira-em-cuiaba-estrategias-para-vender-mais-e-o-que-o-consumidor-final-quer\/#primaryimage\"},\"image\":{\"@id\":\"https:\/\/acrimat.org.br\/portal\/intercorte-discutira-em-cuiaba-estrategias-para-vender-mais-e-o-que-o-consumidor-final-quer\/#primaryimage\"},\"thumbnailUrl\":\"https:\/\/acrimat.org.br\/portal\/wp-content\/uploads\/2018\/04\/apresentacao-intercorte-2018_001.jpg\",\"datePublished\":\"2018-04-11T13:29:46+00:00\",\"dateModified\":\"2018-04-11T13:30:50+00:00\",\"breadcrumb\":{\"@id\":\"https:\/\/acrimat.org.br\/portal\/intercorte-discutira-em-cuiaba-estrategias-para-vender-mais-e-o-que-o-consumidor-final-quer\/#breadcrumb\"},\"inLanguage\":\"pt-BR\",\"potentialAction\":[{\"@type\":\"ReadAction\",\"target\":[\"https:\/\/acrimat.org.br\/portal\/intercorte-discutira-em-cuiaba-estrategias-para-vender-mais-e-o-que-o-consumidor-final-quer\/\"]}]},{\"@type\":\"ImageObject\",\"inLanguage\":\"pt-BR\",\"@id\":\"https:\/\/acrimat.org.br\/portal\/intercorte-discutira-em-cuiaba-estrategias-para-vender-mais-e-o-que-o-consumidor-final-quer\/#primaryimage\",\"url\":\"https:\/\/acrimat.org.br\/portal\/wp-content\/uploads\/2018\/04\/apresentacao-intercorte-2018_001.jpg\",\"contentUrl\":\"https:\/\/acrimat.org.br\/portal\/wp-content\/uploads\/2018\/04\/apresentacao-intercorte-2018_001.jpg\",\"width\":1280,\"height\":720},{\"@type\":\"BreadcrumbList\",\"@id\":\"https:\/\/acrimat.org.br\/portal\/intercorte-discutira-em-cuiaba-estrategias-para-vender-mais-e-o-que-o-consumidor-final-quer\/#breadcrumb\",\"itemListElement\":[{\"@type\":\"ListItem\",\"position\":1,\"name\":\"In\u00edcio\",\"item\":\"https:\/\/acrimat.org.br\/portal\/\"},{\"@type\":\"ListItem\",\"position\":2,\"name\":\"InterCorte discutir\u00e1 estrat\u00e9gias para vender mais e o que o consumidor final quer\"}]},{\"@type\":\"WebSite\",\"@id\":\"https:\/\/acrimat.org.br\/portal\/#website\",\"url\":\"https:\/\/acrimat.org.br\/portal\/\",\"name\":\"Acrimat\",\"description\":\"Associa\u00e7\u00e3o dos Criadores de Mato Grosso\",\"publisher\":{\"@id\":\"https:\/\/acrimat.org.br\/portal\/#organization\"},\"potentialAction\":[{\"@type\":\"SearchAction\",\"target\":{\"@type\":\"EntryPoint\",\"urlTemplate\":\"https:\/\/acrimat.org.br\/portal\/?s={search_term_string}\"},\"query-input\":{\"@type\":\"PropertyValueSpecification\",\"valueRequired\":true,\"valueName\":\"search_term_string\"}}],\"inLanguage\":\"pt-BR\"},{\"@type\":\"Organization\",\"@id\":\"https:\/\/acrimat.org.br\/portal\/#organization\",\"name\":\"Associa\u00e7\u00e3o dos Criadores de Mato Grosso\",\"url\":\"https:\/\/acrimat.org.br\/portal\/\",\"logo\":{\"@type\":\"ImageObject\",\"inLanguage\":\"pt-BR\",\"@id\":\"https:\/\/acrimat.org.br\/portal\/#\/schema\/logo\/image\/\",\"url\":\"https:\/\/acrimat.org.br\/portal\/wp-content\/uploads\/2018\/03\/logo-peq-original.png\",\"contentUrl\":\"https:\/\/acrimat.org.br\/portal\/wp-content\/uploads\/2018\/03\/logo-peq-original.png\",\"width\":174,\"height\":171,\"caption\":\"Associa\u00e7\u00e3o dos Criadores de Mato Grosso\"},\"image\":{\"@id\":\"https:\/\/acrimat.org.br\/portal\/#\/schema\/logo\/image\/\"}},{\"@type\":\"Person\",\"@id\":\"https:\/\/acrimat.org.br\/portal\/#\/schema\/person\/a309b9496344ff991e8e1b1d751fdd7b\",\"name\":\"Assessoria de comunica\u00e7\u00e3o ACRIMAT\",\"image\":{\"@type\":\"ImageObject\",\"inLanguage\":\"pt-BR\",\"@id\":\"https:\/\/acrimat.org.br\/portal\/#\/schema\/person\/image\/\",\"url\":\"https:\/\/secure.gravatar.com\/avatar\/2f9c28e64c317bcd762b25cb1575f1b4?s=96&d=mm&r=g\",\"contentUrl\":\"https:\/\/secure.gravatar.com\/avatar\/2f9c28e64c317bcd762b25cb1575f1b4?s=96&d=mm&r=g\",\"caption\":\"Assessoria de comunica\u00e7\u00e3o ACRIMAT\"},\"sameAs\":[\"http:\/\/acrimat.org.br\/\"],\"url\":\"https:\/\/acrimat.org.br\/portal\/author\/ascom\/\"}]}<\/script>\n<!-- \/ Yoast SEO plugin. -->","yoast_head_json":{"title":"InterCorte discutir\u00e1 estrat\u00e9gias para vender mais e o que o consumidor final quer - Acrimat","robots":{"index":"index","follow":"follow","max-snippet":"max-snippet:-1","max-image-preview":"max-image-preview:large","max-video-preview":"max-video-preview:-1"},"canonical":"https:\/\/acrimat.org.br\/portal\/intercorte-discutira-em-cuiaba-estrategias-para-vender-mais-e-o-que-o-consumidor-final-quer\/","og_locale":"pt_BR","og_type":"article","og_title":"InterCorte discutir\u00e1 estrat\u00e9gias para vender mais e o que o consumidor final quer - Acrimat","og_description":"Dando a largada da s\u00e9tima edi\u00e7\u00e3o em Cuiab\u00e1 nos dias 12 e 13 de abril","og_url":"https:\/\/acrimat.org.br\/portal\/intercorte-discutira-em-cuiaba-estrategias-para-vender-mais-e-o-que-o-consumidor-final-quer\/","og_site_name":"Acrimat","article_published_time":"2018-04-11T13:29:46+00:00","article_modified_time":"2018-04-11T13:30:50+00:00","og_image":[{"width":1280,"height":720,"url":"https:\/\/acrimat.org.br\/portal\/wp-content\/uploads\/2018\/04\/apresentacao-intercorte-2018_001.jpg","type":"image\/jpeg"}],"author":"Assessoria de comunica\u00e7\u00e3o ACRIMAT","twitter_card":"summary_large_image","twitter_misc":{"Escrito por":"Assessoria de comunica\u00e7\u00e3o ACRIMAT","Est. tempo de leitura":"3 minutos"},"schema":{"@context":"https:\/\/schema.org","@graph":[{"@type":"Article","@id":"https:\/\/acrimat.org.br\/portal\/intercorte-discutira-em-cuiaba-estrategias-para-vender-mais-e-o-que-o-consumidor-final-quer\/#article","isPartOf":{"@id":"https:\/\/acrimat.org.br\/portal\/intercorte-discutira-em-cuiaba-estrategias-para-vender-mais-e-o-que-o-consumidor-final-quer\/"},"author":{"name":"Assessoria de comunica\u00e7\u00e3o ACRIMAT","@id":"https:\/\/acrimat.org.br\/portal\/#\/schema\/person\/a309b9496344ff991e8e1b1d751fdd7b"},"headline":"InterCorte discutir\u00e1 estrat\u00e9gias para vender mais e o que o consumidor final quer","datePublished":"2018-04-11T13:29:46+00:00","dateModified":"2018-04-11T13:30:50+00:00","mainEntityOfPage":{"@id":"https:\/\/acrimat.org.br\/portal\/intercorte-discutira-em-cuiaba-estrategias-para-vender-mais-e-o-que-o-consumidor-final-quer\/"},"wordCount":658,"publisher":{"@id":"https:\/\/acrimat.org.br\/portal\/#organization"},"image":{"@id":"https:\/\/acrimat.org.br\/portal\/intercorte-discutira-em-cuiaba-estrategias-para-vender-mais-e-o-que-o-consumidor-final-quer\/#primaryimage"},"thumbnailUrl":"https:\/\/acrimat.org.br\/portal\/wp-content\/uploads\/2018\/04\/apresentacao-intercorte-2018_001.jpg","articleSection":["Destaques","Not\u00edcias"],"inLanguage":"pt-BR"},{"@type":"WebPage","@id":"https:\/\/acrimat.org.br\/portal\/intercorte-discutira-em-cuiaba-estrategias-para-vender-mais-e-o-que-o-consumidor-final-quer\/","url":"https:\/\/acrimat.org.br\/portal\/intercorte-discutira-em-cuiaba-estrategias-para-vender-mais-e-o-que-o-consumidor-final-quer\/","name":"InterCorte discutir\u00e1 estrat\u00e9gias para vender mais e o que o consumidor final quer - Acrimat","isPartOf":{"@id":"https:\/\/acrimat.org.br\/portal\/#website"},"primaryImageOfPage":{"@id":"https:\/\/acrimat.org.br\/portal\/intercorte-discutira-em-cuiaba-estrategias-para-vender-mais-e-o-que-o-consumidor-final-quer\/#primaryimage"},"image":{"@id":"https:\/\/acrimat.org.br\/portal\/intercorte-discutira-em-cuiaba-estrategias-para-vender-mais-e-o-que-o-consumidor-final-quer\/#primaryimage"},"thumbnailUrl":"https:\/\/acrimat.org.br\/portal\/wp-content\/uploads\/2018\/04\/apresentacao-intercorte-2018_001.jpg","datePublished":"2018-04-11T13:29:46+00:00","dateModified":"2018-04-11T13:30:50+00:00","breadcrumb":{"@id":"https:\/\/acrimat.org.br\/portal\/intercorte-discutira-em-cuiaba-estrategias-para-vender-mais-e-o-que-o-consumidor-final-quer\/#breadcrumb"},"inLanguage":"pt-BR","potentialAction":[{"@type":"ReadAction","target":["https:\/\/acrimat.org.br\/portal\/intercorte-discutira-em-cuiaba-estrategias-para-vender-mais-e-o-que-o-consumidor-final-quer\/"]}]},{"@type":"ImageObject","inLanguage":"pt-BR","@id":"https:\/\/acrimat.org.br\/portal\/intercorte-discutira-em-cuiaba-estrategias-para-vender-mais-e-o-que-o-consumidor-final-quer\/#primaryimage","url":"https:\/\/acrimat.org.br\/portal\/wp-content\/uploads\/2018\/04\/apresentacao-intercorte-2018_001.jpg","contentUrl":"https:\/\/acrimat.org.br\/portal\/wp-content\/uploads\/2018\/04\/apresentacao-intercorte-2018_001.jpg","width":1280,"height":720},{"@type":"BreadcrumbList","@id":"https:\/\/acrimat.org.br\/portal\/intercorte-discutira-em-cuiaba-estrategias-para-vender-mais-e-o-que-o-consumidor-final-quer\/#breadcrumb","itemListElement":[{"@type":"ListItem","position":1,"name":"In\u00edcio","item":"https:\/\/acrimat.org.br\/portal\/"},{"@type":"ListItem","position":2,"name":"InterCorte discutir\u00e1 estrat\u00e9gias para vender mais e o que o consumidor final quer"}]},{"@type":"WebSite","@id":"https:\/\/acrimat.org.br\/portal\/#website","url":"https:\/\/acrimat.org.br\/portal\/","name":"Acrimat","description":"Associa\u00e7\u00e3o dos Criadores de Mato Grosso","publisher":{"@id":"https:\/\/acrimat.org.br\/portal\/#organization"},"potentialAction":[{"@type":"SearchAction","target":{"@type":"EntryPoint","urlTemplate":"https:\/\/acrimat.org.br\/portal\/?s={search_term_string}"},"query-input":{"@type":"PropertyValueSpecification","valueRequired":true,"valueName":"search_term_string"}}],"inLanguage":"pt-BR"},{"@type":"Organization","@id":"https:\/\/acrimat.org.br\/portal\/#organization","name":"Associa\u00e7\u00e3o dos Criadores de Mato Grosso","url":"https:\/\/acrimat.org.br\/portal\/","logo":{"@type":"ImageObject","inLanguage":"pt-BR","@id":"https:\/\/acrimat.org.br\/portal\/#\/schema\/logo\/image\/","url":"https:\/\/acrimat.org.br\/portal\/wp-content\/uploads\/2018\/03\/logo-peq-original.png","contentUrl":"https:\/\/acrimat.org.br\/portal\/wp-content\/uploads\/2018\/03\/logo-peq-original.png","width":174,"height":171,"caption":"Associa\u00e7\u00e3o dos Criadores de Mato Grosso"},"image":{"@id":"https:\/\/acrimat.org.br\/portal\/#\/schema\/logo\/image\/"}},{"@type":"Person","@id":"https:\/\/acrimat.org.br\/portal\/#\/schema\/person\/a309b9496344ff991e8e1b1d751fdd7b","name":"Assessoria de comunica\u00e7\u00e3o ACRIMAT","image":{"@type":"ImageObject","inLanguage":"pt-BR","@id":"https:\/\/acrimat.org.br\/portal\/#\/schema\/person\/image\/","url":"https:\/\/secure.gravatar.com\/avatar\/2f9c28e64c317bcd762b25cb1575f1b4?s=96&d=mm&r=g","contentUrl":"https:\/\/secure.gravatar.com\/avatar\/2f9c28e64c317bcd762b25cb1575f1b4?s=96&d=mm&r=g","caption":"Assessoria de comunica\u00e7\u00e3o ACRIMAT"},"sameAs":["http:\/\/acrimat.org.br\/"],"url":"https:\/\/acrimat.org.br\/portal\/author\/ascom\/"}]}},"_links":{"self":[{"href":"https:\/\/acrimat.org.br\/portal\/wp-json\/wp\/v2\/posts\/97987079","targetHints":{"allow":["GET"]}}],"collection":[{"href":"https:\/\/acrimat.org.br\/portal\/wp-json\/wp\/v2\/posts"}],"about":[{"href":"https:\/\/acrimat.org.br\/portal\/wp-json\/wp\/v2\/types\/post"}],"author":[{"embeddable":true,"href":"https:\/\/acrimat.org.br\/portal\/wp-json\/wp\/v2\/users\/7"}],"replies":[{"embeddable":true,"href":"https:\/\/acrimat.org.br\/portal\/wp-json\/wp\/v2\/comments?post=97987079"}],"version-history":[{"count":3,"href":"https:\/\/acrimat.org.br\/portal\/wp-json\/wp\/v2\/posts\/97987079\/revisions"}],"predecessor-version":[{"id":97987083,"href":"https:\/\/acrimat.org.br\/portal\/wp-json\/wp\/v2\/posts\/97987079\/revisions\/97987083"}],"wp:featuredmedia":[{"embeddable":true,"href":"https:\/\/acrimat.org.br\/portal\/wp-json\/wp\/v2\/media\/97987080"}],"wp:attachment":[{"href":"https:\/\/acrimat.org.br\/portal\/wp-json\/wp\/v2\/media?parent=97987079"}],"wp:term":[{"taxonomy":"category","embeddable":true,"href":"https:\/\/acrimat.org.br\/portal\/wp-json\/wp\/v2\/categories?post=97987079"},{"taxonomy":"post_tag","embeddable":true,"href":"https:\/\/acrimat.org.br\/portal\/wp-json\/wp\/v2\/tags?post=97987079"}],"curies":[{"name":"wp","href":"https:\/\/api.w.org\/{rel}","templated":true}]}}