{"id":97987118,"date":"2018-04-12T09:24:44","date_gmt":"2018-04-12T12:24:44","guid":{"rendered":"http:\/\/acrimat.org.br\/portal\/?p=97987118"},"modified":"2018-04-12T09:25:02","modified_gmt":"2018-04-12T12:25:02","slug":"evento-debate-caminhos-da-pecuaria-a-partir-de-hoje","status":"publish","type":"post","link":"https:\/\/acrimat.org.br\/portal\/evento-debate-caminhos-da-pecuaria-a-partir-de-hoje\/","title":{"rendered":"Evento debate caminhos da pecu\u00e1ria a partir de hoje"},"content":{"rendered":"<p>A InterCorte, evento que percorre de forma itinerante h\u00e1 seis anos os principais polos de produ\u00e7\u00e3o pecu\u00e1ria do Brasil, chega mais uma vez \u00e0 capital mato-grossense. O Estado &#8211; que possui o maior n\u00famero de bovinos no pa\u00eds, cerca de 14% do total brasileiro \u2013 ser\u00e1 o anfitri\u00e3o de mais uma edi\u00e7\u00e3o realizada hoje e amanh\u00e3 \u2013 dias 12 e 13 &#8211; no Cenarium Rural, em Cuiab\u00e1 (MT).<\/p>\n<p>\u201cTemos muitas possibilidades que ainda n\u00e3o s\u00e3o de conhecimento dos produtores e que ser\u00e3o colocadas em pauta durante a InterCorte. Temos que pensar em novos rumos para nossa atividade. Para isso, precisamos agregar valor ao nosso produto, melhorar a qualidade da nossa carne e atingir outros mercados que pagam mais por isso. Temos que ter produtos para todos os p\u00fablicos\u201d, enfatiza Marco T\u00falio Duarte Soares, presidente da Associa\u00e7\u00e3o dos Criadores de Mato Grosso (Acrimat), que realiza a InterCorte em conjunto com o Terraviva Eventos.<\/p>\n<p>A programa\u00e7\u00e3o nos dois dias de evento ser\u00e1 dividida em quatro blocos tem\u00e1ticos. O primeiro, com o tema Produzir Mais Carne, demonstrar\u00e1 que a efici\u00eancia t\u00e9cnica gera maiores ganhos a partir do conceito de produzir mais com menos. Dentre os palestrantes do painel est\u00e3o o Prof. Dr. Gustavo Rezende Siqueira, pesquisador da APTA-Colina, o gerente t\u00e9cnico da Connan, Marcio Bonin, Alexandre Zadra, supervisor regional AC, MT, MS, RO e Juliana Ferragute, gerente de produto corte, ambos da GENEX (antes CRI Gen\u00e9tica), Rog\u00e9rio Fonseca Peres, gerente de contas chaves corte da Am\u00e9rica Latina da ABS Pecplan e um caso do produtor Marcos Jacinto, de Ga\u00facha do Norte (MT). O encerramento do painel ter\u00e1 um debate com os palestrantes e ser\u00e1 mediado por Di\u00e9de Loureiro, diretor da Fazen.<\/p>\n<p>Ainda no primeiro dia, o tema do segundo bloco ser\u00e1 voltado \u00e0 Inova\u00e7\u00e3o, que abordar\u00e1 junto ao produtor m\u00e9todos e novas t\u00e9cnicas da chamada quarta revolu\u00e7\u00e3o, por meio de palestras e apresenta\u00e7\u00f5es de cases de sucesso. Dentre os palestrantes do painel est\u00e1 o s\u00f3cio-diretor da SP Ventures, Francisco Jardim, \u00c9lder Jos\u00e9 de Mello Bruno, Head de Canais e Alian\u00e7as da JetBov, o presidente da Fazen, Vasco Oliveira Neto, Marcelo Ribas, da Intergado, Paulo Marcelo, da Gest\u00e3o Agropecu\u00e1ria e Gustavo Martini, pecuarista de Rondon\u00f3polis (MT), que apresentar\u00e1 um caso de sucesso, seguido por um debate entre os palestrantes, mediado pelo diretor-executivo da Acrimat, Luciano Vacari.<\/p>\n<p>No segundo dia, o destaque ser\u00e1 Vender Mais e Vender Melhor, que pretende apresentar ao produtor meios e subs\u00eddios para melhorar o mercado da carne. O painel, que inicia na manh\u00e3 do dia 13 e segue at\u00e9 o meio da tarde, contar\u00e1 com nomes como Renato Dib, professor titular nos cursos de Zootecnia e Medicina Veterin\u00e1ria, na Universidade Estadual de Goi\u00e1s \u2013 UEG, Fabiano Tito Rosa e Michel Torteli da Minerva Foods, Maur\u00edcio Tonh\u00e1, da Est\u00e2ncia Bahia Leil\u00f5es, Ant\u00f4nio Ricardo Sechis, da BEEF PASSION, o consultor Ivan Wedekin, Miguel Cavalcanti, do Beef Point, o Rafael Sguissardi, de Nova Cana\u00e3 do Norte (MT) e o produtor Luciomar Machado, de Pontes e Lacerda (MT).<\/p>\n<p>Por fim, o \u00faltimo painel do evento ser\u00e1 dedicado \u00e0 Comunica\u00e7\u00e3o, com o objetivo de promover o debate com o produtor sobre a sua habilidade de comunica\u00e7\u00e3o, como ele divulga seus resultados e a\u00e7\u00f5es, e como a sociedade enxerga o agroneg\u00f3cio. \u201cEntendemos que um dos gargalos da atividade \u00e9 a forma com que o produtor se comunica com a sociedade. Precisamos entender juntos qual a melhor forma de contar ao p\u00fablico em geral como funciona a nossa atividade\u201d, explica destaca Carla Tuccilio, diretora do Terraviva Eventos, empresa respons\u00e1vel pela realiza\u00e7\u00e3o da InterCorte.<\/p>\n<p>Essa problem\u00e1tica ser\u00e1 abordada pelo jornalista e publicit\u00e1rio, Jos\u00e9 Luiz Tejon, uma das principais refer\u00eancias em Marketing do Brasil e discutida com profissionais da comunica\u00e7\u00e3o, como Mauro Zafalon, da Folha de S. Paulo, Miguel Cavalcanti, do Beef Point e Tobias Ferraz, do canal Terraviva. Fechando o bloco, o produtor Ricardo Arioli compartilhar\u00e1 com o p\u00fablico os resultados do seu trabalho na pecu\u00e1ria.<\/p>\n<p>\u201cSer\u00e1 uma oportunidade para o p\u00fablico interagir, tirar d\u00favidas e entender melhor como funcionam os ve\u00edculos de comunica\u00e7\u00e3o para pensar em estrat\u00e9gias que melhorem a percep\u00e7\u00e3o do p\u00fablico sobre a pecu\u00e1ria\u201d, ressalta Carla. (MP)<\/p>\n","protected":false},"excerpt":{"rendered":"<p>A InterCorte, evento que percorre de forma itinerante h\u00e1 seis anos os principais polos de produ\u00e7\u00e3o pecu\u00e1ria do Brasil, chega mais uma vez \u00e0 capital mato-grossense.<\/p>\n","protected":false},"author":7,"featured_media":97987080,"comment_status":"closed","ping_status":"closed","sticky":false,"template":"","format":"standard","meta":{"footnotes":""},"categories":[6,1],"tags":[],"class_list":["post-97987118","post","type-post","status-publish","format-standard","has-post-thumbnail","hentry","category-destaque","category-noticia"],"yoast_head":"<!-- This site is optimized with the Yoast SEO plugin v24.8.1 - https:\/\/yoast.com\/wordpress\/plugins\/seo\/ -->\n<title>Evento debate caminhos da pecu\u00e1ria a partir de hoje - Acrimat<\/title>\n<meta name=\"robots\" content=\"index, follow, max-snippet:-1, max-image-preview:large, max-video-preview:-1\" \/>\n<link rel=\"canonical\" href=\"https:\/\/acrimat.org.br\/portal\/evento-debate-caminhos-da-pecuaria-a-partir-de-hoje\/\" \/>\n<meta property=\"og:locale\" content=\"pt_BR\" \/>\n<meta property=\"og:type\" content=\"article\" \/>\n<meta property=\"og:title\" content=\"Evento debate caminhos da pecu\u00e1ria a partir de hoje - Acrimat\" \/>\n<meta property=\"og:description\" content=\"A InterCorte, evento que percorre de forma itinerante h\u00e1 seis anos os principais polos de produ\u00e7\u00e3o pecu\u00e1ria do Brasil, chega mais uma vez \u00e0 capital mato-grossense.\" \/>\n<meta property=\"og:url\" content=\"https:\/\/acrimat.org.br\/portal\/evento-debate-caminhos-da-pecuaria-a-partir-de-hoje\/\" \/>\n<meta property=\"og:site_name\" content=\"Acrimat\" \/>\n<meta property=\"article:published_time\" content=\"2018-04-12T12:24:44+00:00\" \/>\n<meta property=\"article:modified_time\" content=\"2018-04-12T12:25:02+00:00\" \/>\n<meta property=\"og:image\" content=\"https:\/\/acrimat.org.br\/portal\/wp-content\/uploads\/2018\/04\/apresentacao-intercorte-2018_001.jpg\" \/>\n\t<meta property=\"og:image:width\" content=\"1280\" \/>\n\t<meta property=\"og:image:height\" content=\"720\" \/>\n\t<meta property=\"og:image:type\" content=\"image\/jpeg\" \/>\n<meta name=\"author\" content=\"Assessoria de comunica\u00e7\u00e3o ACRIMAT\" \/>\n<meta name=\"twitter:card\" content=\"summary_large_image\" \/>\n<meta name=\"twitter:label1\" content=\"Escrito por\" \/>\n\t<meta name=\"twitter:data1\" content=\"Assessoria de comunica\u00e7\u00e3o ACRIMAT\" \/>\n\t<meta name=\"twitter:label2\" content=\"Est. tempo de leitura\" \/>\n\t<meta name=\"twitter:data2\" content=\"4 minutos\" \/>\n<script type=\"application\/ld+json\" class=\"yoast-schema-graph\">{\"@context\":\"https:\/\/schema.org\",\"@graph\":[{\"@type\":\"Article\",\"@id\":\"https:\/\/acrimat.org.br\/portal\/evento-debate-caminhos-da-pecuaria-a-partir-de-hoje\/#article\",\"isPartOf\":{\"@id\":\"https:\/\/acrimat.org.br\/portal\/evento-debate-caminhos-da-pecuaria-a-partir-de-hoje\/\"},\"author\":{\"name\":\"Assessoria de comunica\u00e7\u00e3o ACRIMAT\",\"@id\":\"https:\/\/acrimat.org.br\/portal\/#\/schema\/person\/a309b9496344ff991e8e1b1d751fdd7b\"},\"headline\":\"Evento debate caminhos da pecu\u00e1ria a partir de hoje\",\"datePublished\":\"2018-04-12T12:24:44+00:00\",\"dateModified\":\"2018-04-12T12:25:02+00:00\",\"mainEntityOfPage\":{\"@id\":\"https:\/\/acrimat.org.br\/portal\/evento-debate-caminhos-da-pecuaria-a-partir-de-hoje\/\"},\"wordCount\":742,\"publisher\":{\"@id\":\"https:\/\/acrimat.org.br\/portal\/#organization\"},\"image\":{\"@id\":\"https:\/\/acrimat.org.br\/portal\/evento-debate-caminhos-da-pecuaria-a-partir-de-hoje\/#primaryimage\"},\"thumbnailUrl\":\"https:\/\/acrimat.org.br\/portal\/wp-content\/uploads\/2018\/04\/apresentacao-intercorte-2018_001.jpg\",\"articleSection\":[\"Destaques\",\"Not\u00edcias\"],\"inLanguage\":\"pt-BR\"},{\"@type\":\"WebPage\",\"@id\":\"https:\/\/acrimat.org.br\/portal\/evento-debate-caminhos-da-pecuaria-a-partir-de-hoje\/\",\"url\":\"https:\/\/acrimat.org.br\/portal\/evento-debate-caminhos-da-pecuaria-a-partir-de-hoje\/\",\"name\":\"Evento debate caminhos da pecu\u00e1ria a partir de hoje - Acrimat\",\"isPartOf\":{\"@id\":\"https:\/\/acrimat.org.br\/portal\/#website\"},\"primaryImageOfPage\":{\"@id\":\"https:\/\/acrimat.org.br\/portal\/evento-debate-caminhos-da-pecuaria-a-partir-de-hoje\/#primaryimage\"},\"image\":{\"@id\":\"https:\/\/acrimat.org.br\/portal\/evento-debate-caminhos-da-pecuaria-a-partir-de-hoje\/#primaryimage\"},\"thumbnailUrl\":\"https:\/\/acrimat.org.br\/portal\/wp-content\/uploads\/2018\/04\/apresentacao-intercorte-2018_001.jpg\",\"datePublished\":\"2018-04-12T12:24:44+00:00\",\"dateModified\":\"2018-04-12T12:25:02+00:00\",\"breadcrumb\":{\"@id\":\"https:\/\/acrimat.org.br\/portal\/evento-debate-caminhos-da-pecuaria-a-partir-de-hoje\/#breadcrumb\"},\"inLanguage\":\"pt-BR\",\"potentialAction\":[{\"@type\":\"ReadAction\",\"target\":[\"https:\/\/acrimat.org.br\/portal\/evento-debate-caminhos-da-pecuaria-a-partir-de-hoje\/\"]}]},{\"@type\":\"ImageObject\",\"inLanguage\":\"pt-BR\",\"@id\":\"https:\/\/acrimat.org.br\/portal\/evento-debate-caminhos-da-pecuaria-a-partir-de-hoje\/#primaryimage\",\"url\":\"https:\/\/acrimat.org.br\/portal\/wp-content\/uploads\/2018\/04\/apresentacao-intercorte-2018_001.jpg\",\"contentUrl\":\"https:\/\/acrimat.org.br\/portal\/wp-content\/uploads\/2018\/04\/apresentacao-intercorte-2018_001.jpg\",\"width\":1280,\"height\":720},{\"@type\":\"BreadcrumbList\",\"@id\":\"https:\/\/acrimat.org.br\/portal\/evento-debate-caminhos-da-pecuaria-a-partir-de-hoje\/#breadcrumb\",\"itemListElement\":[{\"@type\":\"ListItem\",\"position\":1,\"name\":\"In\u00edcio\",\"item\":\"https:\/\/acrimat.org.br\/portal\/\"},{\"@type\":\"ListItem\",\"position\":2,\"name\":\"Evento debate caminhos da pecu\u00e1ria a partir de hoje\"}]},{\"@type\":\"WebSite\",\"@id\":\"https:\/\/acrimat.org.br\/portal\/#website\",\"url\":\"https:\/\/acrimat.org.br\/portal\/\",\"name\":\"Acrimat\",\"description\":\"Associa\u00e7\u00e3o dos Criadores de Mato Grosso\",\"publisher\":{\"@id\":\"https:\/\/acrimat.org.br\/portal\/#organization\"},\"potentialAction\":[{\"@type\":\"SearchAction\",\"target\":{\"@type\":\"EntryPoint\",\"urlTemplate\":\"https:\/\/acrimat.org.br\/portal\/?s={search_term_string}\"},\"query-input\":{\"@type\":\"PropertyValueSpecification\",\"valueRequired\":true,\"valueName\":\"search_term_string\"}}],\"inLanguage\":\"pt-BR\"},{\"@type\":\"Organization\",\"@id\":\"https:\/\/acrimat.org.br\/portal\/#organization\",\"name\":\"Associa\u00e7\u00e3o dos Criadores de Mato Grosso\",\"url\":\"https:\/\/acrimat.org.br\/portal\/\",\"logo\":{\"@type\":\"ImageObject\",\"inLanguage\":\"pt-BR\",\"@id\":\"https:\/\/acrimat.org.br\/portal\/#\/schema\/logo\/image\/\",\"url\":\"https:\/\/acrimat.org.br\/portal\/wp-content\/uploads\/2018\/03\/logo-peq-original.png\",\"contentUrl\":\"https:\/\/acrimat.org.br\/portal\/wp-content\/uploads\/2018\/03\/logo-peq-original.png\",\"width\":174,\"height\":171,\"caption\":\"Associa\u00e7\u00e3o dos Criadores de Mato Grosso\"},\"image\":{\"@id\":\"https:\/\/acrimat.org.br\/portal\/#\/schema\/logo\/image\/\"}},{\"@type\":\"Person\",\"@id\":\"https:\/\/acrimat.org.br\/portal\/#\/schema\/person\/a309b9496344ff991e8e1b1d751fdd7b\",\"name\":\"Assessoria de comunica\u00e7\u00e3o ACRIMAT\",\"image\":{\"@type\":\"ImageObject\",\"inLanguage\":\"pt-BR\",\"@id\":\"https:\/\/acrimat.org.br\/portal\/#\/schema\/person\/image\/\",\"url\":\"https:\/\/secure.gravatar.com\/avatar\/2f9c28e64c317bcd762b25cb1575f1b4?s=96&d=mm&r=g\",\"contentUrl\":\"https:\/\/secure.gravatar.com\/avatar\/2f9c28e64c317bcd762b25cb1575f1b4?s=96&d=mm&r=g\",\"caption\":\"Assessoria de comunica\u00e7\u00e3o ACRIMAT\"},\"sameAs\":[\"http:\/\/acrimat.org.br\/\"],\"url\":\"https:\/\/acrimat.org.br\/portal\/author\/ascom\/\"}]}<\/script>\n<!-- \/ Yoast SEO plugin. -->","yoast_head_json":{"title":"Evento debate caminhos da pecu\u00e1ria a partir de hoje - Acrimat","robots":{"index":"index","follow":"follow","max-snippet":"max-snippet:-1","max-image-preview":"max-image-preview:large","max-video-preview":"max-video-preview:-1"},"canonical":"https:\/\/acrimat.org.br\/portal\/evento-debate-caminhos-da-pecuaria-a-partir-de-hoje\/","og_locale":"pt_BR","og_type":"article","og_title":"Evento debate caminhos da pecu\u00e1ria a partir de hoje - Acrimat","og_description":"A InterCorte, evento que percorre de forma itinerante h\u00e1 seis anos os principais polos de produ\u00e7\u00e3o pecu\u00e1ria do Brasil, chega mais uma vez \u00e0 capital mato-grossense.","og_url":"https:\/\/acrimat.org.br\/portal\/evento-debate-caminhos-da-pecuaria-a-partir-de-hoje\/","og_site_name":"Acrimat","article_published_time":"2018-04-12T12:24:44+00:00","article_modified_time":"2018-04-12T12:25:02+00:00","og_image":[{"width":1280,"height":720,"url":"https:\/\/acrimat.org.br\/portal\/wp-content\/uploads\/2018\/04\/apresentacao-intercorte-2018_001.jpg","type":"image\/jpeg"}],"author":"Assessoria de comunica\u00e7\u00e3o ACRIMAT","twitter_card":"summary_large_image","twitter_misc":{"Escrito por":"Assessoria de comunica\u00e7\u00e3o ACRIMAT","Est. tempo de leitura":"4 minutos"},"schema":{"@context":"https:\/\/schema.org","@graph":[{"@type":"Article","@id":"https:\/\/acrimat.org.br\/portal\/evento-debate-caminhos-da-pecuaria-a-partir-de-hoje\/#article","isPartOf":{"@id":"https:\/\/acrimat.org.br\/portal\/evento-debate-caminhos-da-pecuaria-a-partir-de-hoje\/"},"author":{"name":"Assessoria de comunica\u00e7\u00e3o ACRIMAT","@id":"https:\/\/acrimat.org.br\/portal\/#\/schema\/person\/a309b9496344ff991e8e1b1d751fdd7b"},"headline":"Evento debate caminhos da pecu\u00e1ria a partir de hoje","datePublished":"2018-04-12T12:24:44+00:00","dateModified":"2018-04-12T12:25:02+00:00","mainEntityOfPage":{"@id":"https:\/\/acrimat.org.br\/portal\/evento-debate-caminhos-da-pecuaria-a-partir-de-hoje\/"},"wordCount":742,"publisher":{"@id":"https:\/\/acrimat.org.br\/portal\/#organization"},"image":{"@id":"https:\/\/acrimat.org.br\/portal\/evento-debate-caminhos-da-pecuaria-a-partir-de-hoje\/#primaryimage"},"thumbnailUrl":"https:\/\/acrimat.org.br\/portal\/wp-content\/uploads\/2018\/04\/apresentacao-intercorte-2018_001.jpg","articleSection":["Destaques","Not\u00edcias"],"inLanguage":"pt-BR"},{"@type":"WebPage","@id":"https:\/\/acrimat.org.br\/portal\/evento-debate-caminhos-da-pecuaria-a-partir-de-hoje\/","url":"https:\/\/acrimat.org.br\/portal\/evento-debate-caminhos-da-pecuaria-a-partir-de-hoje\/","name":"Evento debate caminhos da pecu\u00e1ria a partir de hoje - Acrimat","isPartOf":{"@id":"https:\/\/acrimat.org.br\/portal\/#website"},"primaryImageOfPage":{"@id":"https:\/\/acrimat.org.br\/portal\/evento-debate-caminhos-da-pecuaria-a-partir-de-hoje\/#primaryimage"},"image":{"@id":"https:\/\/acrimat.org.br\/portal\/evento-debate-caminhos-da-pecuaria-a-partir-de-hoje\/#primaryimage"},"thumbnailUrl":"https:\/\/acrimat.org.br\/portal\/wp-content\/uploads\/2018\/04\/apresentacao-intercorte-2018_001.jpg","datePublished":"2018-04-12T12:24:44+00:00","dateModified":"2018-04-12T12:25:02+00:00","breadcrumb":{"@id":"https:\/\/acrimat.org.br\/portal\/evento-debate-caminhos-da-pecuaria-a-partir-de-hoje\/#breadcrumb"},"inLanguage":"pt-BR","potentialAction":[{"@type":"ReadAction","target":["https:\/\/acrimat.org.br\/portal\/evento-debate-caminhos-da-pecuaria-a-partir-de-hoje\/"]}]},{"@type":"ImageObject","inLanguage":"pt-BR","@id":"https:\/\/acrimat.org.br\/portal\/evento-debate-caminhos-da-pecuaria-a-partir-de-hoje\/#primaryimage","url":"https:\/\/acrimat.org.br\/portal\/wp-content\/uploads\/2018\/04\/apresentacao-intercorte-2018_001.jpg","contentUrl":"https:\/\/acrimat.org.br\/portal\/wp-content\/uploads\/2018\/04\/apresentacao-intercorte-2018_001.jpg","width":1280,"height":720},{"@type":"BreadcrumbList","@id":"https:\/\/acrimat.org.br\/portal\/evento-debate-caminhos-da-pecuaria-a-partir-de-hoje\/#breadcrumb","itemListElement":[{"@type":"ListItem","position":1,"name":"In\u00edcio","item":"https:\/\/acrimat.org.br\/portal\/"},{"@type":"ListItem","position":2,"name":"Evento debate caminhos da pecu\u00e1ria a partir de hoje"}]},{"@type":"WebSite","@id":"https:\/\/acrimat.org.br\/portal\/#website","url":"https:\/\/acrimat.org.br\/portal\/","name":"Acrimat","description":"Associa\u00e7\u00e3o dos Criadores de Mato Grosso","publisher":{"@id":"https:\/\/acrimat.org.br\/portal\/#organization"},"potentialAction":[{"@type":"SearchAction","target":{"@type":"EntryPoint","urlTemplate":"https:\/\/acrimat.org.br\/portal\/?s={search_term_string}"},"query-input":{"@type":"PropertyValueSpecification","valueRequired":true,"valueName":"search_term_string"}}],"inLanguage":"pt-BR"},{"@type":"Organization","@id":"https:\/\/acrimat.org.br\/portal\/#organization","name":"Associa\u00e7\u00e3o dos Criadores de Mato Grosso","url":"https:\/\/acrimat.org.br\/portal\/","logo":{"@type":"ImageObject","inLanguage":"pt-BR","@id":"https:\/\/acrimat.org.br\/portal\/#\/schema\/logo\/image\/","url":"https:\/\/acrimat.org.br\/portal\/wp-content\/uploads\/2018\/03\/logo-peq-original.png","contentUrl":"https:\/\/acrimat.org.br\/portal\/wp-content\/uploads\/2018\/03\/logo-peq-original.png","width":174,"height":171,"caption":"Associa\u00e7\u00e3o dos Criadores de Mato Grosso"},"image":{"@id":"https:\/\/acrimat.org.br\/portal\/#\/schema\/logo\/image\/"}},{"@type":"Person","@id":"https:\/\/acrimat.org.br\/portal\/#\/schema\/person\/a309b9496344ff991e8e1b1d751fdd7b","name":"Assessoria de comunica\u00e7\u00e3o ACRIMAT","image":{"@type":"ImageObject","inLanguage":"pt-BR","@id":"https:\/\/acrimat.org.br\/portal\/#\/schema\/person\/image\/","url":"https:\/\/secure.gravatar.com\/avatar\/2f9c28e64c317bcd762b25cb1575f1b4?s=96&d=mm&r=g","contentUrl":"https:\/\/secure.gravatar.com\/avatar\/2f9c28e64c317bcd762b25cb1575f1b4?s=96&d=mm&r=g","caption":"Assessoria de comunica\u00e7\u00e3o ACRIMAT"},"sameAs":["http:\/\/acrimat.org.br\/"],"url":"https:\/\/acrimat.org.br\/portal\/author\/ascom\/"}]}},"_links":{"self":[{"href":"https:\/\/acrimat.org.br\/portal\/wp-json\/wp\/v2\/posts\/97987118","targetHints":{"allow":["GET"]}}],"collection":[{"href":"https:\/\/acrimat.org.br\/portal\/wp-json\/wp\/v2\/posts"}],"about":[{"href":"https:\/\/acrimat.org.br\/portal\/wp-json\/wp\/v2\/types\/post"}],"author":[{"embeddable":true,"href":"https:\/\/acrimat.org.br\/portal\/wp-json\/wp\/v2\/users\/7"}],"replies":[{"embeddable":true,"href":"https:\/\/acrimat.org.br\/portal\/wp-json\/wp\/v2\/comments?post=97987118"}],"version-history":[{"count":1,"href":"https:\/\/acrimat.org.br\/portal\/wp-json\/wp\/v2\/posts\/97987118\/revisions"}],"predecessor-version":[{"id":97987119,"href":"https:\/\/acrimat.org.br\/portal\/wp-json\/wp\/v2\/posts\/97987118\/revisions\/97987119"}],"wp:featuredmedia":[{"embeddable":true,"href":"https:\/\/acrimat.org.br\/portal\/wp-json\/wp\/v2\/media\/97987080"}],"wp:attachment":[{"href":"https:\/\/acrimat.org.br\/portal\/wp-json\/wp\/v2\/media?parent=97987118"}],"wp:term":[{"taxonomy":"category","embeddable":true,"href":"https:\/\/acrimat.org.br\/portal\/wp-json\/wp\/v2\/categories?post=97987118"},{"taxonomy":"post_tag","embeddable":true,"href":"https:\/\/acrimat.org.br\/portal\/wp-json\/wp\/v2\/tags?post=97987118"}],"curies":[{"name":"wp","href":"https:\/\/api.w.org\/{rel}","templated":true}]}}