{"id":97987120,"date":"2018-04-12T09:23:50","date_gmt":"2018-04-12T12:23:50","guid":{"rendered":"http:\/\/acrimat.org.br\/portal\/?p=97987120"},"modified":"2018-04-12T09:23:50","modified_gmt":"2018-04-12T12:23:50","slug":"mt-recebe-ciclo-de-palestras-sobre-pecuaria","status":"publish","type":"post","link":"https:\/\/acrimat.org.br\/portal\/mt-recebe-ciclo-de-palestras-sobre-pecuaria\/","title":{"rendered":"MT recebe ciclo de palestras sobre pecu\u00e1ria"},"content":{"rendered":"<div class=\"texto-noticia\">\n<p>De 16 a 18 de abril, representantes da Embrapa Pantanal e da Federa\u00e7\u00e3o de Agricultura e Pecu\u00e1ria de Mato Grosso (Famato) ir\u00e3o aos munic\u00edpios de C\u00e1ceres, Pocon\u00e9, Rondon\u00f3polis e Cuiab\u00e1, em Mato Grosso, para um ciclo de palestras voltadas ao aprimoramento da pecu\u00e1ria no bioma. Os pesquisadores Juliana Borges e Urbano Gomes, da unidade pantaneira de pesquisa da Embrapa, e o analista de pecu\u00e1ria Marcos Coelho, da Famato, ir\u00e3o abordar temas como reprodu\u00e7\u00e3o bovina, viabilidade econ\u00f4mica e a\u00e7\u00f5es de manejo sanit\u00e1rio, discutindo tamb\u00e9m formas de se transferir esse conhecimento para fortalecer atividades produtivas, sua efici\u00eancia e a sustentabilidade.<\/p>\n<p>Juliana ir\u00e1 ministrar a palestra \u201cNovos resultados com uso de s\u00eamen refrigerado na IATF\u201d, abordando tamb\u00e9m o uso de outras t\u00e9cnicas que possam aprimorar os resultados da reprodu\u00e7\u00e3o bovina na fazenda, como o uso de insemina\u00e7\u00e3o artificial em tempo fixo (IATF), a desmama precoce e a utiliza\u00e7\u00e3o de suplementa\u00e7\u00e3o alimentar por meio de blocos com progesterona ap\u00f3s a IATF como forma de aumentar as taxas de prenhez. J\u00e1 Urbano ir\u00e1 conversar com os participantes sobre resultados econ\u00f4micos de sistemas intensificados por meio de IATF e desmama precoce no Pantanal. Por fim, o analista de pecu\u00e1ria Marcos Coelho aborda estrat\u00e9gias de combate \u00e0 brucelose bovina em Mato Grosso.<\/p>\n<p>O chefe-adjunto de Transfer\u00eancia de Tecnologia e Neg\u00f3cios, Thiago Coppola, integra a equipe e ir\u00e1 discutir com as institui\u00e7\u00f5es parceiras os pr\u00f3ximos passos de uma aproxima\u00e7\u00e3o que busca meios para levar a pesquisa ao campo. \u201cAs parcerias entre uma empresa de pesquisa como a Embrapa e institui\u00e7\u00f5es ligadas ao setor produtivo, como esta que resultou na realiza\u00e7\u00e3o dessa viagem, nos colocam em contato com as demandas do setor e permitem um interc\u00e2mbio de informa\u00e7\u00f5es que beneficie tanto o desenvolvimento da pesquisa quanto o trabalho do produtor rural\u201d, destaca.<\/p>\n<p>O 2\u00ba Ciclo de Palestras Bioma Pantanal \u00e9 aberto ao p\u00fablico, gratuito e ser\u00e1 realizado pela Embrapa Pantanal, Famato\u00a0e Senar\/MT com o apoio da Associa\u00e7\u00e3o dos Criadores de Mato Grosso (Acrimat) e sindicatos rurais das cidades de C\u00e1ceres, Pocon\u00e9, Rondon\u00f3polis e Cuiab\u00e1. Participe! Procure o sindicato rural local para se inscrever e confirmar a localiza\u00e7\u00e3o do evento na sua cidade.<br \/>\n<strong>Servi\u00e7o: 2\u00ba Ciclo de Palestras Bioma Pantanal<\/strong><\/p>\n<p>16 de abril &#8211; Pocon\u00e9 (13h) e C\u00e1ceres (19h)<\/p>\n<p>17 de abril &#8211; Cuiab\u00e1 (18h)<\/p>\n<p>18 de abril &#8211; Rondon\u00f3polis (18h)<\/p>\n<p>&nbsp;<\/p>\n<\/div>\n<div class=\"clear\"><\/div>\n<div class=\"unidade\">\n<p class=\"autor\"><span class=\"autor negrito\">Nicoli Dichoff\u00a0<\/span><span class=\"codigo negrito\">(Mtb 3252\/SC)<\/span><br \/>\n<span class=\"unidade\">Embrapa Pantanal<\/span><br \/>\n<span class=\"email\">pantanal.imprensa@embrapa.br<\/span><br \/>\n<span class=\"label\">Telefone:<\/span>\u00a0<span class=\"telefone\">+55 (67) 3234-5879<\/span><\/p>\n<\/div>\n<div class=\"clear\"><\/div>\n<p><strong>Mais informa\u00e7\u00f5es sobre o tema<\/strong><br \/>\nServi\u00e7o de Atendimento ao Cidad\u00e3o (SAC)<br \/>\n<a title=\"Servi\u00e7o de Atendimento ao Cidad\u00e3o (SAC)\" href=\"https:\/\/www.embrapa.br\/fale-conosco\/sac\/\">www.embrapa.br\/fale-conosco\/sac\/<\/a><\/p>\n","protected":false},"excerpt":{"rendered":"<p>De 16 a 18 de abril, representantes da Embrapa Pantanal e da Federa\u00e7\u00e3o de Agricultura e Pecu\u00e1ria de Mato Grosso (Famato) ir\u00e3o aos munic\u00edpios de C\u00e1ceres, Pocon\u00e9, Rondon\u00f3polis e Cuiab\u00e1, em Mato Grosso, para um ciclo de palestras voltadas ao aprimoramento da pecu\u00e1ria no bioma<\/p>\n","protected":false},"author":7,"featured_media":97987121,"comment_status":"closed","ping_status":"closed","sticky":false,"template":"","format":"standard","meta":{"footnotes":""},"categories":[6,1],"tags":[],"class_list":["post-97987120","post","type-post","status-publish","format-standard","has-post-thumbnail","hentry","category-destaque","category-noticia"],"yoast_head":"<!-- This site is optimized with the Yoast SEO plugin v24.8.1 - https:\/\/yoast.com\/wordpress\/plugins\/seo\/ -->\n<title>MT recebe ciclo de palestras sobre pecu\u00e1ria - Acrimat<\/title>\n<meta name=\"robots\" content=\"index, follow, max-snippet:-1, max-image-preview:large, max-video-preview:-1\" \/>\n<link rel=\"canonical\" href=\"https:\/\/acrimat.org.br\/portal\/mt-recebe-ciclo-de-palestras-sobre-pecuaria\/\" \/>\n<meta property=\"og:locale\" content=\"pt_BR\" \/>\n<meta property=\"og:type\" content=\"article\" \/>\n<meta property=\"og:title\" content=\"MT recebe ciclo de palestras sobre pecu\u00e1ria - Acrimat\" \/>\n<meta property=\"og:description\" content=\"De 16 a 18 de abril, representantes da Embrapa Pantanal e da Federa\u00e7\u00e3o de Agricultura e Pecu\u00e1ria de Mato Grosso (Famato) ir\u00e3o aos munic\u00edpios de C\u00e1ceres, Pocon\u00e9, Rondon\u00f3polis e Cuiab\u00e1, em Mato Grosso, para um ciclo de palestras voltadas ao aprimoramento da pecu\u00e1ria no bioma\" \/>\n<meta property=\"og:url\" content=\"https:\/\/acrimat.org.br\/portal\/mt-recebe-ciclo-de-palestras-sobre-pecuaria\/\" \/>\n<meta property=\"og:site_name\" content=\"Acrimat\" \/>\n<meta property=\"article:published_time\" content=\"2018-04-12T12:23:50+00:00\" \/>\n<meta property=\"og:image\" content=\"https:\/\/acrimat.org.br\/portal\/wp-content\/uploads\/2018\/04\/article.jpg\" \/>\n\t<meta property=\"og:image:width\" content=\"400\" \/>\n\t<meta property=\"og:image:height\" content=\"400\" \/>\n\t<meta property=\"og:image:type\" content=\"image\/jpeg\" \/>\n<meta name=\"author\" content=\"Assessoria de comunica\u00e7\u00e3o ACRIMAT\" \/>\n<meta name=\"twitter:card\" content=\"summary_large_image\" \/>\n<meta name=\"twitter:label1\" content=\"Escrito por\" \/>\n\t<meta name=\"twitter:data1\" content=\"Assessoria de comunica\u00e7\u00e3o ACRIMAT\" \/>\n\t<meta name=\"twitter:label2\" content=\"Est. tempo de leitura\" \/>\n\t<meta name=\"twitter:data2\" content=\"2 minutos\" \/>\n<script type=\"application\/ld+json\" class=\"yoast-schema-graph\">{\"@context\":\"https:\/\/schema.org\",\"@graph\":[{\"@type\":\"Article\",\"@id\":\"https:\/\/acrimat.org.br\/portal\/mt-recebe-ciclo-de-palestras-sobre-pecuaria\/#article\",\"isPartOf\":{\"@id\":\"https:\/\/acrimat.org.br\/portal\/mt-recebe-ciclo-de-palestras-sobre-pecuaria\/\"},\"author\":{\"name\":\"Assessoria de comunica\u00e7\u00e3o ACRIMAT\",\"@id\":\"https:\/\/acrimat.org.br\/portal\/#\/schema\/person\/a309b9496344ff991e8e1b1d751fdd7b\"},\"headline\":\"MT recebe ciclo de palestras sobre pecu\u00e1ria\",\"datePublished\":\"2018-04-12T12:23:50+00:00\",\"mainEntityOfPage\":{\"@id\":\"https:\/\/acrimat.org.br\/portal\/mt-recebe-ciclo-de-palestras-sobre-pecuaria\/\"},\"wordCount\":457,\"publisher\":{\"@id\":\"https:\/\/acrimat.org.br\/portal\/#organization\"},\"image\":{\"@id\":\"https:\/\/acrimat.org.br\/portal\/mt-recebe-ciclo-de-palestras-sobre-pecuaria\/#primaryimage\"},\"thumbnailUrl\":\"https:\/\/acrimat.org.br\/portal\/wp-content\/uploads\/2018\/04\/article.jpg\",\"articleSection\":[\"Destaques\",\"Not\u00edcias\"],\"inLanguage\":\"pt-BR\"},{\"@type\":\"WebPage\",\"@id\":\"https:\/\/acrimat.org.br\/portal\/mt-recebe-ciclo-de-palestras-sobre-pecuaria\/\",\"url\":\"https:\/\/acrimat.org.br\/portal\/mt-recebe-ciclo-de-palestras-sobre-pecuaria\/\",\"name\":\"MT recebe ciclo de palestras sobre pecu\u00e1ria - Acrimat\",\"isPartOf\":{\"@id\":\"https:\/\/acrimat.org.br\/portal\/#website\"},\"primaryImageOfPage\":{\"@id\":\"https:\/\/acrimat.org.br\/portal\/mt-recebe-ciclo-de-palestras-sobre-pecuaria\/#primaryimage\"},\"image\":{\"@id\":\"https:\/\/acrimat.org.br\/portal\/mt-recebe-ciclo-de-palestras-sobre-pecuaria\/#primaryimage\"},\"thumbnailUrl\":\"https:\/\/acrimat.org.br\/portal\/wp-content\/uploads\/2018\/04\/article.jpg\",\"datePublished\":\"2018-04-12T12:23:50+00:00\",\"breadcrumb\":{\"@id\":\"https:\/\/acrimat.org.br\/portal\/mt-recebe-ciclo-de-palestras-sobre-pecuaria\/#breadcrumb\"},\"inLanguage\":\"pt-BR\",\"potentialAction\":[{\"@type\":\"ReadAction\",\"target\":[\"https:\/\/acrimat.org.br\/portal\/mt-recebe-ciclo-de-palestras-sobre-pecuaria\/\"]}]},{\"@type\":\"ImageObject\",\"inLanguage\":\"pt-BR\",\"@id\":\"https:\/\/acrimat.org.br\/portal\/mt-recebe-ciclo-de-palestras-sobre-pecuaria\/#primaryimage\",\"url\":\"https:\/\/acrimat.org.br\/portal\/wp-content\/uploads\/2018\/04\/article.jpg\",\"contentUrl\":\"https:\/\/acrimat.org.br\/portal\/wp-content\/uploads\/2018\/04\/article.jpg\",\"width\":400,\"height\":400},{\"@type\":\"BreadcrumbList\",\"@id\":\"https:\/\/acrimat.org.br\/portal\/mt-recebe-ciclo-de-palestras-sobre-pecuaria\/#breadcrumb\",\"itemListElement\":[{\"@type\":\"ListItem\",\"position\":1,\"name\":\"In\u00edcio\",\"item\":\"https:\/\/acrimat.org.br\/portal\/\"},{\"@type\":\"ListItem\",\"position\":2,\"name\":\"MT recebe ciclo de palestras sobre pecu\u00e1ria\"}]},{\"@type\":\"WebSite\",\"@id\":\"https:\/\/acrimat.org.br\/portal\/#website\",\"url\":\"https:\/\/acrimat.org.br\/portal\/\",\"name\":\"Acrimat\",\"description\":\"Associa\u00e7\u00e3o dos Criadores de Mato Grosso\",\"publisher\":{\"@id\":\"https:\/\/acrimat.org.br\/portal\/#organization\"},\"potentialAction\":[{\"@type\":\"SearchAction\",\"target\":{\"@type\":\"EntryPoint\",\"urlTemplate\":\"https:\/\/acrimat.org.br\/portal\/?s={search_term_string}\"},\"query-input\":{\"@type\":\"PropertyValueSpecification\",\"valueRequired\":true,\"valueName\":\"search_term_string\"}}],\"inLanguage\":\"pt-BR\"},{\"@type\":\"Organization\",\"@id\":\"https:\/\/acrimat.org.br\/portal\/#organization\",\"name\":\"Associa\u00e7\u00e3o dos Criadores de Mato Grosso\",\"url\":\"https:\/\/acrimat.org.br\/portal\/\",\"logo\":{\"@type\":\"ImageObject\",\"inLanguage\":\"pt-BR\",\"@id\":\"https:\/\/acrimat.org.br\/portal\/#\/schema\/logo\/image\/\",\"url\":\"https:\/\/acrimat.org.br\/portal\/wp-content\/uploads\/2018\/03\/logo-peq-original.png\",\"contentUrl\":\"https:\/\/acrimat.org.br\/portal\/wp-content\/uploads\/2018\/03\/logo-peq-original.png\",\"width\":174,\"height\":171,\"caption\":\"Associa\u00e7\u00e3o dos Criadores de Mato Grosso\"},\"image\":{\"@id\":\"https:\/\/acrimat.org.br\/portal\/#\/schema\/logo\/image\/\"}},{\"@type\":\"Person\",\"@id\":\"https:\/\/acrimat.org.br\/portal\/#\/schema\/person\/a309b9496344ff991e8e1b1d751fdd7b\",\"name\":\"Assessoria de comunica\u00e7\u00e3o ACRIMAT\",\"image\":{\"@type\":\"ImageObject\",\"inLanguage\":\"pt-BR\",\"@id\":\"https:\/\/acrimat.org.br\/portal\/#\/schema\/person\/image\/\",\"url\":\"https:\/\/secure.gravatar.com\/avatar\/2f9c28e64c317bcd762b25cb1575f1b4?s=96&d=mm&r=g\",\"contentUrl\":\"https:\/\/secure.gravatar.com\/avatar\/2f9c28e64c317bcd762b25cb1575f1b4?s=96&d=mm&r=g\",\"caption\":\"Assessoria de comunica\u00e7\u00e3o ACRIMAT\"},\"sameAs\":[\"http:\/\/acrimat.org.br\/\"],\"url\":\"https:\/\/acrimat.org.br\/portal\/author\/ascom\/\"}]}<\/script>\n<!-- \/ Yoast SEO plugin. -->","yoast_head_json":{"title":"MT recebe ciclo de palestras sobre pecu\u00e1ria - Acrimat","robots":{"index":"index","follow":"follow","max-snippet":"max-snippet:-1","max-image-preview":"max-image-preview:large","max-video-preview":"max-video-preview:-1"},"canonical":"https:\/\/acrimat.org.br\/portal\/mt-recebe-ciclo-de-palestras-sobre-pecuaria\/","og_locale":"pt_BR","og_type":"article","og_title":"MT recebe ciclo de palestras sobre pecu\u00e1ria - Acrimat","og_description":"De 16 a 18 de abril, representantes da Embrapa Pantanal e da Federa\u00e7\u00e3o de Agricultura e Pecu\u00e1ria de Mato Grosso (Famato) ir\u00e3o aos munic\u00edpios de C\u00e1ceres, Pocon\u00e9, Rondon\u00f3polis e Cuiab\u00e1, em Mato Grosso, para um ciclo de palestras voltadas ao aprimoramento da pecu\u00e1ria no bioma","og_url":"https:\/\/acrimat.org.br\/portal\/mt-recebe-ciclo-de-palestras-sobre-pecuaria\/","og_site_name":"Acrimat","article_published_time":"2018-04-12T12:23:50+00:00","og_image":[{"width":400,"height":400,"url":"https:\/\/acrimat.org.br\/portal\/wp-content\/uploads\/2018\/04\/article.jpg","type":"image\/jpeg"}],"author":"Assessoria de comunica\u00e7\u00e3o ACRIMAT","twitter_card":"summary_large_image","twitter_misc":{"Escrito por":"Assessoria de comunica\u00e7\u00e3o ACRIMAT","Est. tempo de leitura":"2 minutos"},"schema":{"@context":"https:\/\/schema.org","@graph":[{"@type":"Article","@id":"https:\/\/acrimat.org.br\/portal\/mt-recebe-ciclo-de-palestras-sobre-pecuaria\/#article","isPartOf":{"@id":"https:\/\/acrimat.org.br\/portal\/mt-recebe-ciclo-de-palestras-sobre-pecuaria\/"},"author":{"name":"Assessoria de comunica\u00e7\u00e3o ACRIMAT","@id":"https:\/\/acrimat.org.br\/portal\/#\/schema\/person\/a309b9496344ff991e8e1b1d751fdd7b"},"headline":"MT recebe ciclo de palestras sobre pecu\u00e1ria","datePublished":"2018-04-12T12:23:50+00:00","mainEntityOfPage":{"@id":"https:\/\/acrimat.org.br\/portal\/mt-recebe-ciclo-de-palestras-sobre-pecuaria\/"},"wordCount":457,"publisher":{"@id":"https:\/\/acrimat.org.br\/portal\/#organization"},"image":{"@id":"https:\/\/acrimat.org.br\/portal\/mt-recebe-ciclo-de-palestras-sobre-pecuaria\/#primaryimage"},"thumbnailUrl":"https:\/\/acrimat.org.br\/portal\/wp-content\/uploads\/2018\/04\/article.jpg","articleSection":["Destaques","Not\u00edcias"],"inLanguage":"pt-BR"},{"@type":"WebPage","@id":"https:\/\/acrimat.org.br\/portal\/mt-recebe-ciclo-de-palestras-sobre-pecuaria\/","url":"https:\/\/acrimat.org.br\/portal\/mt-recebe-ciclo-de-palestras-sobre-pecuaria\/","name":"MT recebe ciclo de palestras sobre pecu\u00e1ria - Acrimat","isPartOf":{"@id":"https:\/\/acrimat.org.br\/portal\/#website"},"primaryImageOfPage":{"@id":"https:\/\/acrimat.org.br\/portal\/mt-recebe-ciclo-de-palestras-sobre-pecuaria\/#primaryimage"},"image":{"@id":"https:\/\/acrimat.org.br\/portal\/mt-recebe-ciclo-de-palestras-sobre-pecuaria\/#primaryimage"},"thumbnailUrl":"https:\/\/acrimat.org.br\/portal\/wp-content\/uploads\/2018\/04\/article.jpg","datePublished":"2018-04-12T12:23:50+00:00","breadcrumb":{"@id":"https:\/\/acrimat.org.br\/portal\/mt-recebe-ciclo-de-palestras-sobre-pecuaria\/#breadcrumb"},"inLanguage":"pt-BR","potentialAction":[{"@type":"ReadAction","target":["https:\/\/acrimat.org.br\/portal\/mt-recebe-ciclo-de-palestras-sobre-pecuaria\/"]}]},{"@type":"ImageObject","inLanguage":"pt-BR","@id":"https:\/\/acrimat.org.br\/portal\/mt-recebe-ciclo-de-palestras-sobre-pecuaria\/#primaryimage","url":"https:\/\/acrimat.org.br\/portal\/wp-content\/uploads\/2018\/04\/article.jpg","contentUrl":"https:\/\/acrimat.org.br\/portal\/wp-content\/uploads\/2018\/04\/article.jpg","width":400,"height":400},{"@type":"BreadcrumbList","@id":"https:\/\/acrimat.org.br\/portal\/mt-recebe-ciclo-de-palestras-sobre-pecuaria\/#breadcrumb","itemListElement":[{"@type":"ListItem","position":1,"name":"In\u00edcio","item":"https:\/\/acrimat.org.br\/portal\/"},{"@type":"ListItem","position":2,"name":"MT recebe ciclo de palestras sobre pecu\u00e1ria"}]},{"@type":"WebSite","@id":"https:\/\/acrimat.org.br\/portal\/#website","url":"https:\/\/acrimat.org.br\/portal\/","name":"Acrimat","description":"Associa\u00e7\u00e3o dos Criadores de Mato Grosso","publisher":{"@id":"https:\/\/acrimat.org.br\/portal\/#organization"},"potentialAction":[{"@type":"SearchAction","target":{"@type":"EntryPoint","urlTemplate":"https:\/\/acrimat.org.br\/portal\/?s={search_term_string}"},"query-input":{"@type":"PropertyValueSpecification","valueRequired":true,"valueName":"search_term_string"}}],"inLanguage":"pt-BR"},{"@type":"Organization","@id":"https:\/\/acrimat.org.br\/portal\/#organization","name":"Associa\u00e7\u00e3o dos Criadores de Mato Grosso","url":"https:\/\/acrimat.org.br\/portal\/","logo":{"@type":"ImageObject","inLanguage":"pt-BR","@id":"https:\/\/acrimat.org.br\/portal\/#\/schema\/logo\/image\/","url":"https:\/\/acrimat.org.br\/portal\/wp-content\/uploads\/2018\/03\/logo-peq-original.png","contentUrl":"https:\/\/acrimat.org.br\/portal\/wp-content\/uploads\/2018\/03\/logo-peq-original.png","width":174,"height":171,"caption":"Associa\u00e7\u00e3o dos Criadores de Mato Grosso"},"image":{"@id":"https:\/\/acrimat.org.br\/portal\/#\/schema\/logo\/image\/"}},{"@type":"Person","@id":"https:\/\/acrimat.org.br\/portal\/#\/schema\/person\/a309b9496344ff991e8e1b1d751fdd7b","name":"Assessoria de comunica\u00e7\u00e3o ACRIMAT","image":{"@type":"ImageObject","inLanguage":"pt-BR","@id":"https:\/\/acrimat.org.br\/portal\/#\/schema\/person\/image\/","url":"https:\/\/secure.gravatar.com\/avatar\/2f9c28e64c317bcd762b25cb1575f1b4?s=96&d=mm&r=g","contentUrl":"https:\/\/secure.gravatar.com\/avatar\/2f9c28e64c317bcd762b25cb1575f1b4?s=96&d=mm&r=g","caption":"Assessoria de comunica\u00e7\u00e3o ACRIMAT"},"sameAs":["http:\/\/acrimat.org.br\/"],"url":"https:\/\/acrimat.org.br\/portal\/author\/ascom\/"}]}},"_links":{"self":[{"href":"https:\/\/acrimat.org.br\/portal\/wp-json\/wp\/v2\/posts\/97987120","targetHints":{"allow":["GET"]}}],"collection":[{"href":"https:\/\/acrimat.org.br\/portal\/wp-json\/wp\/v2\/posts"}],"about":[{"href":"https:\/\/acrimat.org.br\/portal\/wp-json\/wp\/v2\/types\/post"}],"author":[{"embeddable":true,"href":"https:\/\/acrimat.org.br\/portal\/wp-json\/wp\/v2\/users\/7"}],"replies":[{"embeddable":true,"href":"https:\/\/acrimat.org.br\/portal\/wp-json\/wp\/v2\/comments?post=97987120"}],"version-history":[{"count":1,"href":"https:\/\/acrimat.org.br\/portal\/wp-json\/wp\/v2\/posts\/97987120\/revisions"}],"predecessor-version":[{"id":97987122,"href":"https:\/\/acrimat.org.br\/portal\/wp-json\/wp\/v2\/posts\/97987120\/revisions\/97987122"}],"wp:featuredmedia":[{"embeddable":true,"href":"https:\/\/acrimat.org.br\/portal\/wp-json\/wp\/v2\/media\/97987121"}],"wp:attachment":[{"href":"https:\/\/acrimat.org.br\/portal\/wp-json\/wp\/v2\/media?parent=97987120"}],"wp:term":[{"taxonomy":"category","embeddable":true,"href":"https:\/\/acrimat.org.br\/portal\/wp-json\/wp\/v2\/categories?post=97987120"},{"taxonomy":"post_tag","embeddable":true,"href":"https:\/\/acrimat.org.br\/portal\/wp-json\/wp\/v2\/tags?post=97987120"}],"curies":[{"name":"wp","href":"https:\/\/api.w.org\/{rel}","templated":true}]}}