{"id":97987133,"date":"2018-04-13T10:27:16","date_gmt":"2018-04-13T13:27:16","guid":{"rendered":"http:\/\/acrimat.org.br\/portal\/?p=97987133"},"modified":"2018-04-13T10:27:16","modified_gmt":"2018-04-13T13:27:16","slug":"mt-prepara-para-coletar-dados-do-rebanho-apos-fim-de-vacinacao","status":"publish","type":"post","link":"https:\/\/acrimat.org.br\/portal\/mt-prepara-para-coletar-dados-do-rebanho-apos-fim-de-vacinacao\/","title":{"rendered":"MT prepara para coletar dados do rebanho ap\u00f3s fim de vacina\u00e7\u00e3o"},"content":{"rendered":"<p>Ap\u00f3s a retirada da vacina\u00e7\u00e3o contra a febre aftosa no rebanho de Mato Grosso, prevista para come\u00e7ar no ano que vem e prosseguir at\u00e9 2021, o Instituto de Defesa Agropecu\u00e1ria de Mato Grosso (Indea-MT) pretende realizar campanhas de \u201catualiza\u00e7\u00e3o de estoques\u201d do rebanho entre os pecuaristas. Atualmente, \u00e9 por meio da declara\u00e7\u00e3o de vacina\u00e7\u00e3o, entregue pelos criadores a \u00f3rg\u00e3os oficiais, que os governos estaduais e federal conseguem projetar o tamanho dos rebanhos. Sem a campanha da aftosa, a coleta de dados ficaria dificultada.<\/p>\n<p>\u201cFizemos uma atualiza\u00e7\u00e3o da legisla\u00e7\u00e3o sanit\u00e1ria. Editamos um decreto em 2017 prevendo que, a partir do momento da retirada da vacina\u00e7\u00e3o, as campanhas passar\u00e3o a ser de \u2018atualiza\u00e7\u00e3o de estoques\u2019, e n\u00e3o mais de imuniza\u00e7\u00e3o do rebanho (como ocorre agora)\u201d, disse a presidente do Indea-MT, Daniella Bueno, ao Broadcast Agro (servi\u00e7o de not\u00edcias em tempo real do Grupo Estado). Ela explica que produtores ter\u00e3o de comparecer aos escrit\u00f3rios do Indea duas vezes ao ano, para declarar seu rebanho, por quantidade e sexo. O instituto vai fiscalizar essas declara\u00e7\u00f5es por amostragem, da mesma forma como \u00e9 feito hoje nas campanhas de vacina\u00e7\u00e3o.<\/p>\n<p>Em 2017, os abates em Mato Grosso cresceram cerca de 5%, para 4,6 milh\u00f5es de cabe\u00e7as. \u201cTivemos uma recupera\u00e7\u00e3o bem n\u00edtida no segundo semestre. O mercado primeiro se retraiu com o an\u00fancio da Carne Fraca, mas depois ficou claro que a quest\u00e3o n\u00e3o era sanit\u00e1ria, provamos que a sanidade do rebanho continuava intacta\u201d, diz. Daniella Bueno evita fazer proje\u00e7\u00f5es sobre este ano, mas afirma que a perspectiva para 2018 \u00e9 de crescimento do rebanho estadual, em raz\u00e3o do menor abate de f\u00eameas no ano passado.<\/p>\n<p>O Brasil deve ser reconhecido pa\u00eds livre de aftosa com vacina\u00e7\u00e3o no pr\u00f3ximo dia 20 de maio, durante a Assembleia-Geral da Organiza\u00e7\u00e3o Mundial de Sa\u00fade Animal (OIE), da qual o presidente Michel Temer deve participar. A partir da\u00ed, o governo deve dar sequ\u00eancia ao plano de retirada total da vacina no Pa\u00eds, com o objetivo de ampliar mercados internacionais para a carne bovina brasileira.<\/p>\n<p><em><strong>*A jornalista viaja a convite da Acrimat.<\/strong><\/em><\/p>\n","protected":false},"excerpt":{"rendered":"<p>Ap\u00f3s a retirada da vacina\u00e7\u00e3o contra a febre aftosa no rebanho de Mato Grosso, prevista para come\u00e7ar no ano que vem e prosseguir at\u00e9 2021, o Instituto de Defesa Agropecu\u00e1ria de Mato Grosso (Indea-MT) pretende realizar campanhas de \u201catualiza\u00e7\u00e3o de estoques\u201d do rebanho entre os pecuaristas.<\/p>\n","protected":false},"author":7,"featured_media":97985294,"comment_status":"closed","ping_status":"closed","sticky":false,"template":"","format":"standard","meta":{"footnotes":""},"categories":[6,1],"tags":[],"class_list":["post-97987133","post","type-post","status-publish","format-standard","has-post-thumbnail","hentry","category-destaque","category-noticia"],"yoast_head":"<!-- This site is optimized with the Yoast SEO plugin v24.8.1 - https:\/\/yoast.com\/wordpress\/plugins\/seo\/ -->\n<title>MT prepara para coletar dados do rebanho ap\u00f3s fim de vacina\u00e7\u00e3o - Acrimat<\/title>\n<meta name=\"robots\" content=\"index, follow, max-snippet:-1, max-image-preview:large, max-video-preview:-1\" \/>\n<link rel=\"canonical\" href=\"https:\/\/acrimat.org.br\/portal\/mt-prepara-para-coletar-dados-do-rebanho-apos-fim-de-vacinacao\/\" \/>\n<meta property=\"og:locale\" content=\"pt_BR\" \/>\n<meta property=\"og:type\" content=\"article\" \/>\n<meta property=\"og:title\" content=\"MT prepara para coletar dados do rebanho ap\u00f3s fim de vacina\u00e7\u00e3o - Acrimat\" \/>\n<meta property=\"og:description\" content=\"Ap\u00f3s a retirada da vacina\u00e7\u00e3o contra a febre aftosa no rebanho de Mato Grosso, prevista para come\u00e7ar no ano que vem e prosseguir at\u00e9 2021, o Instituto de Defesa Agropecu\u00e1ria de Mato Grosso (Indea-MT) pretende realizar campanhas de \u201catualiza\u00e7\u00e3o de estoques\u201d do rebanho entre os pecuaristas.\" \/>\n<meta property=\"og:url\" content=\"https:\/\/acrimat.org.br\/portal\/mt-prepara-para-coletar-dados-do-rebanho-apos-fim-de-vacinacao\/\" \/>\n<meta property=\"og:site_name\" content=\"Acrimat\" \/>\n<meta property=\"article:published_time\" content=\"2018-04-13T13:27:16+00:00\" \/>\n<meta property=\"og:image\" content=\"https:\/\/acrimat.org.br\/portal\/wp-content\/uploads\/2017\/12\/5946199.jpg\" \/>\n\t<meta property=\"og:image:width\" content=\"730\" \/>\n\t<meta property=\"og:image:height\" content=\"502\" \/>\n\t<meta property=\"og:image:type\" content=\"image\/jpeg\" \/>\n<meta name=\"author\" content=\"Assessoria de comunica\u00e7\u00e3o ACRIMAT\" \/>\n<meta name=\"twitter:card\" content=\"summary_large_image\" \/>\n<meta name=\"twitter:label1\" content=\"Escrito por\" \/>\n\t<meta name=\"twitter:data1\" content=\"Assessoria de comunica\u00e7\u00e3o ACRIMAT\" \/>\n\t<meta name=\"twitter:label2\" content=\"Est. tempo de leitura\" \/>\n\t<meta name=\"twitter:data2\" content=\"2 minutos\" \/>\n<script type=\"application\/ld+json\" class=\"yoast-schema-graph\">{\"@context\":\"https:\/\/schema.org\",\"@graph\":[{\"@type\":\"Article\",\"@id\":\"https:\/\/acrimat.org.br\/portal\/mt-prepara-para-coletar-dados-do-rebanho-apos-fim-de-vacinacao\/#article\",\"isPartOf\":{\"@id\":\"https:\/\/acrimat.org.br\/portal\/mt-prepara-para-coletar-dados-do-rebanho-apos-fim-de-vacinacao\/\"},\"author\":{\"name\":\"Assessoria de comunica\u00e7\u00e3o ACRIMAT\",\"@id\":\"https:\/\/acrimat.org.br\/portal\/#\/schema\/person\/a309b9496344ff991e8e1b1d751fdd7b\"},\"headline\":\"MT prepara para coletar dados do rebanho ap\u00f3s fim de vacina\u00e7\u00e3o\",\"datePublished\":\"2018-04-13T13:27:16+00:00\",\"mainEntityOfPage\":{\"@id\":\"https:\/\/acrimat.org.br\/portal\/mt-prepara-para-coletar-dados-do-rebanho-apos-fim-de-vacinacao\/\"},\"wordCount\":383,\"publisher\":{\"@id\":\"https:\/\/acrimat.org.br\/portal\/#organization\"},\"image\":{\"@id\":\"https:\/\/acrimat.org.br\/portal\/mt-prepara-para-coletar-dados-do-rebanho-apos-fim-de-vacinacao\/#primaryimage\"},\"thumbnailUrl\":\"https:\/\/acrimat.org.br\/portal\/wp-content\/uploads\/2017\/12\/5946199.jpg\",\"articleSection\":[\"Destaques\",\"Not\u00edcias\"],\"inLanguage\":\"pt-BR\"},{\"@type\":\"WebPage\",\"@id\":\"https:\/\/acrimat.org.br\/portal\/mt-prepara-para-coletar-dados-do-rebanho-apos-fim-de-vacinacao\/\",\"url\":\"https:\/\/acrimat.org.br\/portal\/mt-prepara-para-coletar-dados-do-rebanho-apos-fim-de-vacinacao\/\",\"name\":\"MT prepara para coletar dados do rebanho ap\u00f3s fim de vacina\u00e7\u00e3o - Acrimat\",\"isPartOf\":{\"@id\":\"https:\/\/acrimat.org.br\/portal\/#website\"},\"primaryImageOfPage\":{\"@id\":\"https:\/\/acrimat.org.br\/portal\/mt-prepara-para-coletar-dados-do-rebanho-apos-fim-de-vacinacao\/#primaryimage\"},\"image\":{\"@id\":\"https:\/\/acrimat.org.br\/portal\/mt-prepara-para-coletar-dados-do-rebanho-apos-fim-de-vacinacao\/#primaryimage\"},\"thumbnailUrl\":\"https:\/\/acrimat.org.br\/portal\/wp-content\/uploads\/2017\/12\/5946199.jpg\",\"datePublished\":\"2018-04-13T13:27:16+00:00\",\"breadcrumb\":{\"@id\":\"https:\/\/acrimat.org.br\/portal\/mt-prepara-para-coletar-dados-do-rebanho-apos-fim-de-vacinacao\/#breadcrumb\"},\"inLanguage\":\"pt-BR\",\"potentialAction\":[{\"@type\":\"ReadAction\",\"target\":[\"https:\/\/acrimat.org.br\/portal\/mt-prepara-para-coletar-dados-do-rebanho-apos-fim-de-vacinacao\/\"]}]},{\"@type\":\"ImageObject\",\"inLanguage\":\"pt-BR\",\"@id\":\"https:\/\/acrimat.org.br\/portal\/mt-prepara-para-coletar-dados-do-rebanho-apos-fim-de-vacinacao\/#primaryimage\",\"url\":\"https:\/\/acrimat.org.br\/portal\/wp-content\/uploads\/2017\/12\/5946199.jpg\",\"contentUrl\":\"https:\/\/acrimat.org.br\/portal\/wp-content\/uploads\/2017\/12\/5946199.jpg\",\"width\":730,\"height\":502},{\"@type\":\"BreadcrumbList\",\"@id\":\"https:\/\/acrimat.org.br\/portal\/mt-prepara-para-coletar-dados-do-rebanho-apos-fim-de-vacinacao\/#breadcrumb\",\"itemListElement\":[{\"@type\":\"ListItem\",\"position\":1,\"name\":\"In\u00edcio\",\"item\":\"https:\/\/acrimat.org.br\/portal\/\"},{\"@type\":\"ListItem\",\"position\":2,\"name\":\"MT prepara para coletar dados do rebanho ap\u00f3s fim de vacina\u00e7\u00e3o\"}]},{\"@type\":\"WebSite\",\"@id\":\"https:\/\/acrimat.org.br\/portal\/#website\",\"url\":\"https:\/\/acrimat.org.br\/portal\/\",\"name\":\"Acrimat\",\"description\":\"Associa\u00e7\u00e3o dos Criadores de Mato Grosso\",\"publisher\":{\"@id\":\"https:\/\/acrimat.org.br\/portal\/#organization\"},\"potentialAction\":[{\"@type\":\"SearchAction\",\"target\":{\"@type\":\"EntryPoint\",\"urlTemplate\":\"https:\/\/acrimat.org.br\/portal\/?s={search_term_string}\"},\"query-input\":{\"@type\":\"PropertyValueSpecification\",\"valueRequired\":true,\"valueName\":\"search_term_string\"}}],\"inLanguage\":\"pt-BR\"},{\"@type\":\"Organization\",\"@id\":\"https:\/\/acrimat.org.br\/portal\/#organization\",\"name\":\"Associa\u00e7\u00e3o dos Criadores de Mato Grosso\",\"url\":\"https:\/\/acrimat.org.br\/portal\/\",\"logo\":{\"@type\":\"ImageObject\",\"inLanguage\":\"pt-BR\",\"@id\":\"https:\/\/acrimat.org.br\/portal\/#\/schema\/logo\/image\/\",\"url\":\"https:\/\/acrimat.org.br\/portal\/wp-content\/uploads\/2018\/03\/logo-peq-original.png\",\"contentUrl\":\"https:\/\/acrimat.org.br\/portal\/wp-content\/uploads\/2018\/03\/logo-peq-original.png\",\"width\":174,\"height\":171,\"caption\":\"Associa\u00e7\u00e3o dos Criadores de Mato Grosso\"},\"image\":{\"@id\":\"https:\/\/acrimat.org.br\/portal\/#\/schema\/logo\/image\/\"}},{\"@type\":\"Person\",\"@id\":\"https:\/\/acrimat.org.br\/portal\/#\/schema\/person\/a309b9496344ff991e8e1b1d751fdd7b\",\"name\":\"Assessoria de comunica\u00e7\u00e3o ACRIMAT\",\"image\":{\"@type\":\"ImageObject\",\"inLanguage\":\"pt-BR\",\"@id\":\"https:\/\/acrimat.org.br\/portal\/#\/schema\/person\/image\/\",\"url\":\"https:\/\/secure.gravatar.com\/avatar\/2f9c28e64c317bcd762b25cb1575f1b4?s=96&d=mm&r=g\",\"contentUrl\":\"https:\/\/secure.gravatar.com\/avatar\/2f9c28e64c317bcd762b25cb1575f1b4?s=96&d=mm&r=g\",\"caption\":\"Assessoria de comunica\u00e7\u00e3o ACRIMAT\"},\"sameAs\":[\"http:\/\/acrimat.org.br\/\"],\"url\":\"https:\/\/acrimat.org.br\/portal\/author\/ascom\/\"}]}<\/script>\n<!-- \/ Yoast SEO plugin. -->","yoast_head_json":{"title":"MT prepara para coletar dados do rebanho ap\u00f3s fim de vacina\u00e7\u00e3o - Acrimat","robots":{"index":"index","follow":"follow","max-snippet":"max-snippet:-1","max-image-preview":"max-image-preview:large","max-video-preview":"max-video-preview:-1"},"canonical":"https:\/\/acrimat.org.br\/portal\/mt-prepara-para-coletar-dados-do-rebanho-apos-fim-de-vacinacao\/","og_locale":"pt_BR","og_type":"article","og_title":"MT prepara para coletar dados do rebanho ap\u00f3s fim de vacina\u00e7\u00e3o - Acrimat","og_description":"Ap\u00f3s a retirada da vacina\u00e7\u00e3o contra a febre aftosa no rebanho de Mato Grosso, prevista para come\u00e7ar no ano que vem e prosseguir at\u00e9 2021, o Instituto de Defesa Agropecu\u00e1ria de Mato Grosso (Indea-MT) pretende realizar campanhas de \u201catualiza\u00e7\u00e3o de estoques\u201d do rebanho entre os pecuaristas.","og_url":"https:\/\/acrimat.org.br\/portal\/mt-prepara-para-coletar-dados-do-rebanho-apos-fim-de-vacinacao\/","og_site_name":"Acrimat","article_published_time":"2018-04-13T13:27:16+00:00","og_image":[{"width":730,"height":502,"url":"https:\/\/acrimat.org.br\/portal\/wp-content\/uploads\/2017\/12\/5946199.jpg","type":"image\/jpeg"}],"author":"Assessoria de comunica\u00e7\u00e3o ACRIMAT","twitter_card":"summary_large_image","twitter_misc":{"Escrito por":"Assessoria de comunica\u00e7\u00e3o ACRIMAT","Est. tempo de leitura":"2 minutos"},"schema":{"@context":"https:\/\/schema.org","@graph":[{"@type":"Article","@id":"https:\/\/acrimat.org.br\/portal\/mt-prepara-para-coletar-dados-do-rebanho-apos-fim-de-vacinacao\/#article","isPartOf":{"@id":"https:\/\/acrimat.org.br\/portal\/mt-prepara-para-coletar-dados-do-rebanho-apos-fim-de-vacinacao\/"},"author":{"name":"Assessoria de comunica\u00e7\u00e3o ACRIMAT","@id":"https:\/\/acrimat.org.br\/portal\/#\/schema\/person\/a309b9496344ff991e8e1b1d751fdd7b"},"headline":"MT prepara para coletar dados do rebanho ap\u00f3s fim de vacina\u00e7\u00e3o","datePublished":"2018-04-13T13:27:16+00:00","mainEntityOfPage":{"@id":"https:\/\/acrimat.org.br\/portal\/mt-prepara-para-coletar-dados-do-rebanho-apos-fim-de-vacinacao\/"},"wordCount":383,"publisher":{"@id":"https:\/\/acrimat.org.br\/portal\/#organization"},"image":{"@id":"https:\/\/acrimat.org.br\/portal\/mt-prepara-para-coletar-dados-do-rebanho-apos-fim-de-vacinacao\/#primaryimage"},"thumbnailUrl":"https:\/\/acrimat.org.br\/portal\/wp-content\/uploads\/2017\/12\/5946199.jpg","articleSection":["Destaques","Not\u00edcias"],"inLanguage":"pt-BR"},{"@type":"WebPage","@id":"https:\/\/acrimat.org.br\/portal\/mt-prepara-para-coletar-dados-do-rebanho-apos-fim-de-vacinacao\/","url":"https:\/\/acrimat.org.br\/portal\/mt-prepara-para-coletar-dados-do-rebanho-apos-fim-de-vacinacao\/","name":"MT prepara para coletar dados do rebanho ap\u00f3s fim de vacina\u00e7\u00e3o - Acrimat","isPartOf":{"@id":"https:\/\/acrimat.org.br\/portal\/#website"},"primaryImageOfPage":{"@id":"https:\/\/acrimat.org.br\/portal\/mt-prepara-para-coletar-dados-do-rebanho-apos-fim-de-vacinacao\/#primaryimage"},"image":{"@id":"https:\/\/acrimat.org.br\/portal\/mt-prepara-para-coletar-dados-do-rebanho-apos-fim-de-vacinacao\/#primaryimage"},"thumbnailUrl":"https:\/\/acrimat.org.br\/portal\/wp-content\/uploads\/2017\/12\/5946199.jpg","datePublished":"2018-04-13T13:27:16+00:00","breadcrumb":{"@id":"https:\/\/acrimat.org.br\/portal\/mt-prepara-para-coletar-dados-do-rebanho-apos-fim-de-vacinacao\/#breadcrumb"},"inLanguage":"pt-BR","potentialAction":[{"@type":"ReadAction","target":["https:\/\/acrimat.org.br\/portal\/mt-prepara-para-coletar-dados-do-rebanho-apos-fim-de-vacinacao\/"]}]},{"@type":"ImageObject","inLanguage":"pt-BR","@id":"https:\/\/acrimat.org.br\/portal\/mt-prepara-para-coletar-dados-do-rebanho-apos-fim-de-vacinacao\/#primaryimage","url":"https:\/\/acrimat.org.br\/portal\/wp-content\/uploads\/2017\/12\/5946199.jpg","contentUrl":"https:\/\/acrimat.org.br\/portal\/wp-content\/uploads\/2017\/12\/5946199.jpg","width":730,"height":502},{"@type":"BreadcrumbList","@id":"https:\/\/acrimat.org.br\/portal\/mt-prepara-para-coletar-dados-do-rebanho-apos-fim-de-vacinacao\/#breadcrumb","itemListElement":[{"@type":"ListItem","position":1,"name":"In\u00edcio","item":"https:\/\/acrimat.org.br\/portal\/"},{"@type":"ListItem","position":2,"name":"MT prepara para coletar dados do rebanho ap\u00f3s fim de vacina\u00e7\u00e3o"}]},{"@type":"WebSite","@id":"https:\/\/acrimat.org.br\/portal\/#website","url":"https:\/\/acrimat.org.br\/portal\/","name":"Acrimat","description":"Associa\u00e7\u00e3o dos Criadores de Mato Grosso","publisher":{"@id":"https:\/\/acrimat.org.br\/portal\/#organization"},"potentialAction":[{"@type":"SearchAction","target":{"@type":"EntryPoint","urlTemplate":"https:\/\/acrimat.org.br\/portal\/?s={search_term_string}"},"query-input":{"@type":"PropertyValueSpecification","valueRequired":true,"valueName":"search_term_string"}}],"inLanguage":"pt-BR"},{"@type":"Organization","@id":"https:\/\/acrimat.org.br\/portal\/#organization","name":"Associa\u00e7\u00e3o dos Criadores de Mato Grosso","url":"https:\/\/acrimat.org.br\/portal\/","logo":{"@type":"ImageObject","inLanguage":"pt-BR","@id":"https:\/\/acrimat.org.br\/portal\/#\/schema\/logo\/image\/","url":"https:\/\/acrimat.org.br\/portal\/wp-content\/uploads\/2018\/03\/logo-peq-original.png","contentUrl":"https:\/\/acrimat.org.br\/portal\/wp-content\/uploads\/2018\/03\/logo-peq-original.png","width":174,"height":171,"caption":"Associa\u00e7\u00e3o dos Criadores de Mato Grosso"},"image":{"@id":"https:\/\/acrimat.org.br\/portal\/#\/schema\/logo\/image\/"}},{"@type":"Person","@id":"https:\/\/acrimat.org.br\/portal\/#\/schema\/person\/a309b9496344ff991e8e1b1d751fdd7b","name":"Assessoria de comunica\u00e7\u00e3o ACRIMAT","image":{"@type":"ImageObject","inLanguage":"pt-BR","@id":"https:\/\/acrimat.org.br\/portal\/#\/schema\/person\/image\/","url":"https:\/\/secure.gravatar.com\/avatar\/2f9c28e64c317bcd762b25cb1575f1b4?s=96&d=mm&r=g","contentUrl":"https:\/\/secure.gravatar.com\/avatar\/2f9c28e64c317bcd762b25cb1575f1b4?s=96&d=mm&r=g","caption":"Assessoria de comunica\u00e7\u00e3o ACRIMAT"},"sameAs":["http:\/\/acrimat.org.br\/"],"url":"https:\/\/acrimat.org.br\/portal\/author\/ascom\/"}]}},"_links":{"self":[{"href":"https:\/\/acrimat.org.br\/portal\/wp-json\/wp\/v2\/posts\/97987133","targetHints":{"allow":["GET"]}}],"collection":[{"href":"https:\/\/acrimat.org.br\/portal\/wp-json\/wp\/v2\/posts"}],"about":[{"href":"https:\/\/acrimat.org.br\/portal\/wp-json\/wp\/v2\/types\/post"}],"author":[{"embeddable":true,"href":"https:\/\/acrimat.org.br\/portal\/wp-json\/wp\/v2\/users\/7"}],"replies":[{"embeddable":true,"href":"https:\/\/acrimat.org.br\/portal\/wp-json\/wp\/v2\/comments?post=97987133"}],"version-history":[{"count":1,"href":"https:\/\/acrimat.org.br\/portal\/wp-json\/wp\/v2\/posts\/97987133\/revisions"}],"predecessor-version":[{"id":97987134,"href":"https:\/\/acrimat.org.br\/portal\/wp-json\/wp\/v2\/posts\/97987133\/revisions\/97987134"}],"wp:featuredmedia":[{"embeddable":true,"href":"https:\/\/acrimat.org.br\/portal\/wp-json\/wp\/v2\/media\/97985294"}],"wp:attachment":[{"href":"https:\/\/acrimat.org.br\/portal\/wp-json\/wp\/v2\/media?parent=97987133"}],"wp:term":[{"taxonomy":"category","embeddable":true,"href":"https:\/\/acrimat.org.br\/portal\/wp-json\/wp\/v2\/categories?post=97987133"},{"taxonomy":"post_tag","embeddable":true,"href":"https:\/\/acrimat.org.br\/portal\/wp-json\/wp\/v2\/tags?post=97987133"}],"curies":[{"name":"wp","href":"https:\/\/api.w.org\/{rel}","templated":true}]}}