{"id":97987135,"date":"2018-04-13T10:36:43","date_gmt":"2018-04-13T13:36:43","guid":{"rendered":"http:\/\/acrimat.org.br\/portal\/?p=97987135"},"modified":"2018-04-13T10:36:43","modified_gmt":"2018-04-13T13:36:43","slug":"melhoramento-genetico-do-senepol-sera-um-dos-destaques-da-intercorte","status":"publish","type":"post","link":"https:\/\/acrimat.org.br\/portal\/melhoramento-genetico-do-senepol-sera-um-dos-destaques-da-intercorte\/","title":{"rendered":"Melhoramento gen\u00e9tico do Senepol ser\u00e1 um dos destaques da InterCorte"},"content":{"rendered":"<p>A rentabilidade e as tecnologias utilizadas no melhoramento gen\u00e9tico da ra\u00e7a Senepol ser\u00e3o alguns dos destaques das 7\u00aa edi\u00e7\u00e3o da InterCorte em Cuiab\u00e1. A ra\u00e7a caribenha, que pode ter colora\u00e7\u00e3o vermelha, preta ou marrom, vem a cada ano crescendo no Brasil. Segundo dados da Associa\u00e7\u00e3o Brasileira de Criadores de Bovinos Senepol (ABCB Senepol), o pa\u00eds em 2016 havia alcan\u00e7ado a marca de 55.892 de cabe\u00e7as.<\/p>\n<p>A InterCorte etapa Cuiab\u00e1 ocorre nesta quinta e sexta-feira, 12 e 13 de abril, no Cenarium Rural. A expectativa da organiza\u00e7\u00e3o \u00e9 que o n\u00famero de participantes supere o p\u00fablico de 1,5 mil pessoas do ano passado.<\/p>\n<p>A ra\u00e7a Senepol estar\u00e1 presente na InterCorte atrav\u00e9s do Criat\u00f3rio Senepol da Conquista, do selecionador F\u00e1bio Mello, \u00fanico criador da regi\u00e3o metropolitana.<\/p>\n<p>Conforme F\u00e1bio Mello, os pecuaristas que passarem pelo estande da Senepol da Conquista poder\u00e3o conferir os \u00faltimos implementos protagonizados pela Associa\u00e7\u00e3o Brasileira dos Criadores de Bovinos Senepol (ABCB Senepol), em especial no que diz respeito ao Programa de Melhoramento Gen\u00e9tico Senepol (PMGS).<\/p>\n<p>O criador pontua que a cada edi\u00e7\u00e3o da InterCorte a oportunidade de conhecimento da cadeia da pecu\u00e1ria \u00e9 elevada, principalmente para o desenvolvimento do setor em como produzir mais carne garantindo a qualidade exigida pelos consumidores.<\/p>\n<p>&#8220;Ou seja, uma meta, ou ideologia que \u00e9 concomitante aos trabalhos empregados a ra\u00e7a Senepol, como os quatro pilares que estruturam o PMGS, dos quais permitem o melhoramento da ra\u00e7a, al\u00e9m de orientar tamb\u00e9m os criadores quanto ao valor gen\u00e9tico desses animais, do qual produz touro melhorador, impactando em toda a cadeia da pecu\u00e1ria, chegando ao objetivo final, o prato do consumidor&#8221;, explica F\u00e1bio Mello.<\/p>\n<p>Al\u00e9m de disseminar as carater\u00edsticas da ra\u00e7a Senepol na InterCorte, o Criat\u00f3rio Senepol da Conquista ir\u00e1 mostrar como a ra\u00e7a converte maior rentabilidade ao produtor rural.<\/p>\n<p>&#8220;A ind\u00fastria frigor\u00edfica vem pagando espontaneamente \u00e1gio para pecuaristas que trabalham com a ra\u00e7a, o dado faz parte de um estudo da Scot Consultoria em 20 Estados. Segundo a pesquisa 73,2% dos selecionadores confirmaram receber a bonifica\u00e7\u00e3o. Os maiores \u00e1gios foram verificados nas vendas de novilhas (m\u00e9dia 23%, boi magro (18%) e bezerro (17,1%). Este resultado comprova a boa aceita\u00e7\u00e3o do Senepol no mercado, e pode contribuir com a meta de dobrar o n\u00famero de criadores e de animais registrados no Brasil at\u00e9 o ano de 2021&#8221;, alerta F\u00e1bio Mello.<\/p>\n<p>A InterCorte \u00e9 uma realiza\u00e7\u00e3o da Terraviva Eventos em parceria com a Associa\u00e7\u00e3o dos Criadores de Mato Grosso (Acrimat) em Cuiab\u00e1. Al\u00e9m da Capital mato-grossense, a InterCorte passar\u00e1 tamb\u00e9m por Marab\u00e1 (PA) e S\u00e3o Paulo (SP) em 2018.<\/p>\n<p>O Senepol \u00e9 uma ra\u00e7a de gado de corte desenvolvido na Ilha Caribenha de St. Croix a partir de cruzamentos entre o gado N&#8217;Dama e o gado Red Poll. \u00c9 um animal que n\u00e3o possui chifres e de pelos curtos, podendo ter colora\u00e7\u00e3o vermelha, preta ou marrom. Entre as principais carater\u00edsticas da ra\u00e7a est\u00e1 a toler\u00e2ncia ao calor.<\/p>\n<p>De acordo com dados da Associa\u00e7\u00e3o Brasileira de Criadores de Bovinos Senepol (ABCB Senepol), o Brasil alcan\u00e7ou a marca de 55.892 de cabe\u00e7as de gado Senepol em 2016. Um aumento de 27% em rela\u00e7\u00e3o a 2015 e de 130,7% ao ano de 2012 quando o rebanho era de 24.227 cabe\u00e7as.<\/p>\n<p>A expectativa \u00e9 que existam no pa\u00eds em torno de 721 criat\u00f3rios da ra\u00e7a, entre associados e n\u00e3o associados da ABCB Senepol.<\/p>\n<p>Os estados de maior concentra\u00e7\u00e3o de cria\u00e7\u00e3o da ra\u00e7a s\u00e3o Minas Gerais, Mato Grosso do Sul, Mato Grosso, S\u00e3o Paulo, Rond\u00f4nia, Goi\u00e1s e Par\u00e1.<\/p>\n","protected":false},"excerpt":{"rendered":"<p>A rentabilidade e as tecnologias utilizadas no melhoramento gen\u00e9tico da ra\u00e7a Senepol ser\u00e3o alguns dos destaques das 7\u00aa edi\u00e7\u00e3o da InterCorte em Cuiab\u00e1<\/p>\n","protected":false},"author":7,"featured_media":97984517,"comment_status":"closed","ping_status":"closed","sticky":false,"template":"","format":"standard","meta":{"footnotes":""},"categories":[6,1],"tags":[],"class_list":["post-97987135","post","type-post","status-publish","format-standard","has-post-thumbnail","hentry","category-destaque","category-noticia"],"yoast_head":"<!-- This site is optimized with the Yoast SEO plugin v24.8.1 - https:\/\/yoast.com\/wordpress\/plugins\/seo\/ -->\n<title>Melhoramento gen\u00e9tico do Senepol ser\u00e1 um dos destaques da InterCorte - Acrimat<\/title>\n<meta name=\"robots\" content=\"index, follow, max-snippet:-1, max-image-preview:large, max-video-preview:-1\" \/>\n<link rel=\"canonical\" href=\"https:\/\/acrimat.org.br\/portal\/melhoramento-genetico-do-senepol-sera-um-dos-destaques-da-intercorte\/\" \/>\n<meta property=\"og:locale\" content=\"pt_BR\" \/>\n<meta property=\"og:type\" content=\"article\" \/>\n<meta property=\"og:title\" content=\"Melhoramento gen\u00e9tico do Senepol ser\u00e1 um dos destaques da InterCorte - Acrimat\" \/>\n<meta property=\"og:description\" content=\"A rentabilidade e as tecnologias utilizadas no melhoramento gen\u00e9tico da ra\u00e7a Senepol ser\u00e3o alguns dos destaques das 7\u00aa edi\u00e7\u00e3o da InterCorte em Cuiab\u00e1\" \/>\n<meta property=\"og:url\" content=\"https:\/\/acrimat.org.br\/portal\/melhoramento-genetico-do-senepol-sera-um-dos-destaques-da-intercorte\/\" \/>\n<meta property=\"og:site_name\" content=\"Acrimat\" \/>\n<meta property=\"article:published_time\" content=\"2018-04-13T13:36:43+00:00\" \/>\n<meta property=\"og:image\" content=\"https:\/\/acrimat.org.br\/portal\/wp-content\/uploads\/2017\/10\/senepol-1.jpg\" \/>\n\t<meta property=\"og:image:width\" content=\"322\" \/>\n\t<meta property=\"og:image:height\" content=\"234\" \/>\n\t<meta property=\"og:image:type\" content=\"image\/jpeg\" \/>\n<meta name=\"author\" content=\"Assessoria de comunica\u00e7\u00e3o ACRIMAT\" \/>\n<meta name=\"twitter:card\" content=\"summary_large_image\" \/>\n<meta name=\"twitter:label1\" content=\"Escrito por\" \/>\n\t<meta name=\"twitter:data1\" content=\"Assessoria de comunica\u00e7\u00e3o ACRIMAT\" \/>\n\t<meta name=\"twitter:label2\" content=\"Est. tempo de leitura\" \/>\n\t<meta name=\"twitter:data2\" content=\"3 minutos\" \/>\n<script type=\"application\/ld+json\" class=\"yoast-schema-graph\">{\"@context\":\"https:\/\/schema.org\",\"@graph\":[{\"@type\":\"Article\",\"@id\":\"https:\/\/acrimat.org.br\/portal\/melhoramento-genetico-do-senepol-sera-um-dos-destaques-da-intercorte\/#article\",\"isPartOf\":{\"@id\":\"https:\/\/acrimat.org.br\/portal\/melhoramento-genetico-do-senepol-sera-um-dos-destaques-da-intercorte\/\"},\"author\":{\"name\":\"Assessoria de comunica\u00e7\u00e3o ACRIMAT\",\"@id\":\"https:\/\/acrimat.org.br\/portal\/#\/schema\/person\/a309b9496344ff991e8e1b1d751fdd7b\"},\"headline\":\"Melhoramento gen\u00e9tico do Senepol ser\u00e1 um dos destaques da InterCorte\",\"datePublished\":\"2018-04-13T13:36:43+00:00\",\"mainEntityOfPage\":{\"@id\":\"https:\/\/acrimat.org.br\/portal\/melhoramento-genetico-do-senepol-sera-um-dos-destaques-da-intercorte\/\"},\"wordCount\":629,\"publisher\":{\"@id\":\"https:\/\/acrimat.org.br\/portal\/#organization\"},\"image\":{\"@id\":\"https:\/\/acrimat.org.br\/portal\/melhoramento-genetico-do-senepol-sera-um-dos-destaques-da-intercorte\/#primaryimage\"},\"thumbnailUrl\":\"https:\/\/acrimat.org.br\/portal\/wp-content\/uploads\/2017\/10\/senepol-1.jpg\",\"articleSection\":[\"Destaques\",\"Not\u00edcias\"],\"inLanguage\":\"pt-BR\"},{\"@type\":\"WebPage\",\"@id\":\"https:\/\/acrimat.org.br\/portal\/melhoramento-genetico-do-senepol-sera-um-dos-destaques-da-intercorte\/\",\"url\":\"https:\/\/acrimat.org.br\/portal\/melhoramento-genetico-do-senepol-sera-um-dos-destaques-da-intercorte\/\",\"name\":\"Melhoramento gen\u00e9tico do Senepol ser\u00e1 um dos destaques da InterCorte - Acrimat\",\"isPartOf\":{\"@id\":\"https:\/\/acrimat.org.br\/portal\/#website\"},\"primaryImageOfPage\":{\"@id\":\"https:\/\/acrimat.org.br\/portal\/melhoramento-genetico-do-senepol-sera-um-dos-destaques-da-intercorte\/#primaryimage\"},\"image\":{\"@id\":\"https:\/\/acrimat.org.br\/portal\/melhoramento-genetico-do-senepol-sera-um-dos-destaques-da-intercorte\/#primaryimage\"},\"thumbnailUrl\":\"https:\/\/acrimat.org.br\/portal\/wp-content\/uploads\/2017\/10\/senepol-1.jpg\",\"datePublished\":\"2018-04-13T13:36:43+00:00\",\"breadcrumb\":{\"@id\":\"https:\/\/acrimat.org.br\/portal\/melhoramento-genetico-do-senepol-sera-um-dos-destaques-da-intercorte\/#breadcrumb\"},\"inLanguage\":\"pt-BR\",\"potentialAction\":[{\"@type\":\"ReadAction\",\"target\":[\"https:\/\/acrimat.org.br\/portal\/melhoramento-genetico-do-senepol-sera-um-dos-destaques-da-intercorte\/\"]}]},{\"@type\":\"ImageObject\",\"inLanguage\":\"pt-BR\",\"@id\":\"https:\/\/acrimat.org.br\/portal\/melhoramento-genetico-do-senepol-sera-um-dos-destaques-da-intercorte\/#primaryimage\",\"url\":\"https:\/\/acrimat.org.br\/portal\/wp-content\/uploads\/2017\/10\/senepol-1.jpg\",\"contentUrl\":\"https:\/\/acrimat.org.br\/portal\/wp-content\/uploads\/2017\/10\/senepol-1.jpg\",\"width\":322,\"height\":234},{\"@type\":\"BreadcrumbList\",\"@id\":\"https:\/\/acrimat.org.br\/portal\/melhoramento-genetico-do-senepol-sera-um-dos-destaques-da-intercorte\/#breadcrumb\",\"itemListElement\":[{\"@type\":\"ListItem\",\"position\":1,\"name\":\"In\u00edcio\",\"item\":\"https:\/\/acrimat.org.br\/portal\/\"},{\"@type\":\"ListItem\",\"position\":2,\"name\":\"Melhoramento gen\u00e9tico do Senepol ser\u00e1 um dos destaques da InterCorte\"}]},{\"@type\":\"WebSite\",\"@id\":\"https:\/\/acrimat.org.br\/portal\/#website\",\"url\":\"https:\/\/acrimat.org.br\/portal\/\",\"name\":\"Acrimat\",\"description\":\"Associa\u00e7\u00e3o dos Criadores de Mato Grosso\",\"publisher\":{\"@id\":\"https:\/\/acrimat.org.br\/portal\/#organization\"},\"potentialAction\":[{\"@type\":\"SearchAction\",\"target\":{\"@type\":\"EntryPoint\",\"urlTemplate\":\"https:\/\/acrimat.org.br\/portal\/?s={search_term_string}\"},\"query-input\":{\"@type\":\"PropertyValueSpecification\",\"valueRequired\":true,\"valueName\":\"search_term_string\"}}],\"inLanguage\":\"pt-BR\"},{\"@type\":\"Organization\",\"@id\":\"https:\/\/acrimat.org.br\/portal\/#organization\",\"name\":\"Associa\u00e7\u00e3o dos Criadores de Mato Grosso\",\"url\":\"https:\/\/acrimat.org.br\/portal\/\",\"logo\":{\"@type\":\"ImageObject\",\"inLanguage\":\"pt-BR\",\"@id\":\"https:\/\/acrimat.org.br\/portal\/#\/schema\/logo\/image\/\",\"url\":\"https:\/\/acrimat.org.br\/portal\/wp-content\/uploads\/2018\/03\/logo-peq-original.png\",\"contentUrl\":\"https:\/\/acrimat.org.br\/portal\/wp-content\/uploads\/2018\/03\/logo-peq-original.png\",\"width\":174,\"height\":171,\"caption\":\"Associa\u00e7\u00e3o dos Criadores de Mato Grosso\"},\"image\":{\"@id\":\"https:\/\/acrimat.org.br\/portal\/#\/schema\/logo\/image\/\"}},{\"@type\":\"Person\",\"@id\":\"https:\/\/acrimat.org.br\/portal\/#\/schema\/person\/a309b9496344ff991e8e1b1d751fdd7b\",\"name\":\"Assessoria de comunica\u00e7\u00e3o ACRIMAT\",\"image\":{\"@type\":\"ImageObject\",\"inLanguage\":\"pt-BR\",\"@id\":\"https:\/\/acrimat.org.br\/portal\/#\/schema\/person\/image\/\",\"url\":\"https:\/\/secure.gravatar.com\/avatar\/2f9c28e64c317bcd762b25cb1575f1b4?s=96&d=mm&r=g\",\"contentUrl\":\"https:\/\/secure.gravatar.com\/avatar\/2f9c28e64c317bcd762b25cb1575f1b4?s=96&d=mm&r=g\",\"caption\":\"Assessoria de comunica\u00e7\u00e3o ACRIMAT\"},\"sameAs\":[\"http:\/\/acrimat.org.br\/\"],\"url\":\"https:\/\/acrimat.org.br\/portal\/author\/ascom\/\"}]}<\/script>\n<!-- \/ Yoast SEO plugin. -->","yoast_head_json":{"title":"Melhoramento gen\u00e9tico do Senepol ser\u00e1 um dos destaques da InterCorte - Acrimat","robots":{"index":"index","follow":"follow","max-snippet":"max-snippet:-1","max-image-preview":"max-image-preview:large","max-video-preview":"max-video-preview:-1"},"canonical":"https:\/\/acrimat.org.br\/portal\/melhoramento-genetico-do-senepol-sera-um-dos-destaques-da-intercorte\/","og_locale":"pt_BR","og_type":"article","og_title":"Melhoramento gen\u00e9tico do Senepol ser\u00e1 um dos destaques da InterCorte - Acrimat","og_description":"A rentabilidade e as tecnologias utilizadas no melhoramento gen\u00e9tico da ra\u00e7a Senepol ser\u00e3o alguns dos destaques das 7\u00aa edi\u00e7\u00e3o da InterCorte em Cuiab\u00e1","og_url":"https:\/\/acrimat.org.br\/portal\/melhoramento-genetico-do-senepol-sera-um-dos-destaques-da-intercorte\/","og_site_name":"Acrimat","article_published_time":"2018-04-13T13:36:43+00:00","og_image":[{"width":322,"height":234,"url":"https:\/\/acrimat.org.br\/portal\/wp-content\/uploads\/2017\/10\/senepol-1.jpg","type":"image\/jpeg"}],"author":"Assessoria de comunica\u00e7\u00e3o ACRIMAT","twitter_card":"summary_large_image","twitter_misc":{"Escrito por":"Assessoria de comunica\u00e7\u00e3o ACRIMAT","Est. tempo de leitura":"3 minutos"},"schema":{"@context":"https:\/\/schema.org","@graph":[{"@type":"Article","@id":"https:\/\/acrimat.org.br\/portal\/melhoramento-genetico-do-senepol-sera-um-dos-destaques-da-intercorte\/#article","isPartOf":{"@id":"https:\/\/acrimat.org.br\/portal\/melhoramento-genetico-do-senepol-sera-um-dos-destaques-da-intercorte\/"},"author":{"name":"Assessoria de comunica\u00e7\u00e3o ACRIMAT","@id":"https:\/\/acrimat.org.br\/portal\/#\/schema\/person\/a309b9496344ff991e8e1b1d751fdd7b"},"headline":"Melhoramento gen\u00e9tico do Senepol ser\u00e1 um dos destaques da InterCorte","datePublished":"2018-04-13T13:36:43+00:00","mainEntityOfPage":{"@id":"https:\/\/acrimat.org.br\/portal\/melhoramento-genetico-do-senepol-sera-um-dos-destaques-da-intercorte\/"},"wordCount":629,"publisher":{"@id":"https:\/\/acrimat.org.br\/portal\/#organization"},"image":{"@id":"https:\/\/acrimat.org.br\/portal\/melhoramento-genetico-do-senepol-sera-um-dos-destaques-da-intercorte\/#primaryimage"},"thumbnailUrl":"https:\/\/acrimat.org.br\/portal\/wp-content\/uploads\/2017\/10\/senepol-1.jpg","articleSection":["Destaques","Not\u00edcias"],"inLanguage":"pt-BR"},{"@type":"WebPage","@id":"https:\/\/acrimat.org.br\/portal\/melhoramento-genetico-do-senepol-sera-um-dos-destaques-da-intercorte\/","url":"https:\/\/acrimat.org.br\/portal\/melhoramento-genetico-do-senepol-sera-um-dos-destaques-da-intercorte\/","name":"Melhoramento gen\u00e9tico do Senepol ser\u00e1 um dos destaques da InterCorte - Acrimat","isPartOf":{"@id":"https:\/\/acrimat.org.br\/portal\/#website"},"primaryImageOfPage":{"@id":"https:\/\/acrimat.org.br\/portal\/melhoramento-genetico-do-senepol-sera-um-dos-destaques-da-intercorte\/#primaryimage"},"image":{"@id":"https:\/\/acrimat.org.br\/portal\/melhoramento-genetico-do-senepol-sera-um-dos-destaques-da-intercorte\/#primaryimage"},"thumbnailUrl":"https:\/\/acrimat.org.br\/portal\/wp-content\/uploads\/2017\/10\/senepol-1.jpg","datePublished":"2018-04-13T13:36:43+00:00","breadcrumb":{"@id":"https:\/\/acrimat.org.br\/portal\/melhoramento-genetico-do-senepol-sera-um-dos-destaques-da-intercorte\/#breadcrumb"},"inLanguage":"pt-BR","potentialAction":[{"@type":"ReadAction","target":["https:\/\/acrimat.org.br\/portal\/melhoramento-genetico-do-senepol-sera-um-dos-destaques-da-intercorte\/"]}]},{"@type":"ImageObject","inLanguage":"pt-BR","@id":"https:\/\/acrimat.org.br\/portal\/melhoramento-genetico-do-senepol-sera-um-dos-destaques-da-intercorte\/#primaryimage","url":"https:\/\/acrimat.org.br\/portal\/wp-content\/uploads\/2017\/10\/senepol-1.jpg","contentUrl":"https:\/\/acrimat.org.br\/portal\/wp-content\/uploads\/2017\/10\/senepol-1.jpg","width":322,"height":234},{"@type":"BreadcrumbList","@id":"https:\/\/acrimat.org.br\/portal\/melhoramento-genetico-do-senepol-sera-um-dos-destaques-da-intercorte\/#breadcrumb","itemListElement":[{"@type":"ListItem","position":1,"name":"In\u00edcio","item":"https:\/\/acrimat.org.br\/portal\/"},{"@type":"ListItem","position":2,"name":"Melhoramento gen\u00e9tico do Senepol ser\u00e1 um dos destaques da InterCorte"}]},{"@type":"WebSite","@id":"https:\/\/acrimat.org.br\/portal\/#website","url":"https:\/\/acrimat.org.br\/portal\/","name":"Acrimat","description":"Associa\u00e7\u00e3o dos Criadores de Mato Grosso","publisher":{"@id":"https:\/\/acrimat.org.br\/portal\/#organization"},"potentialAction":[{"@type":"SearchAction","target":{"@type":"EntryPoint","urlTemplate":"https:\/\/acrimat.org.br\/portal\/?s={search_term_string}"},"query-input":{"@type":"PropertyValueSpecification","valueRequired":true,"valueName":"search_term_string"}}],"inLanguage":"pt-BR"},{"@type":"Organization","@id":"https:\/\/acrimat.org.br\/portal\/#organization","name":"Associa\u00e7\u00e3o dos Criadores de Mato Grosso","url":"https:\/\/acrimat.org.br\/portal\/","logo":{"@type":"ImageObject","inLanguage":"pt-BR","@id":"https:\/\/acrimat.org.br\/portal\/#\/schema\/logo\/image\/","url":"https:\/\/acrimat.org.br\/portal\/wp-content\/uploads\/2018\/03\/logo-peq-original.png","contentUrl":"https:\/\/acrimat.org.br\/portal\/wp-content\/uploads\/2018\/03\/logo-peq-original.png","width":174,"height":171,"caption":"Associa\u00e7\u00e3o dos Criadores de Mato Grosso"},"image":{"@id":"https:\/\/acrimat.org.br\/portal\/#\/schema\/logo\/image\/"}},{"@type":"Person","@id":"https:\/\/acrimat.org.br\/portal\/#\/schema\/person\/a309b9496344ff991e8e1b1d751fdd7b","name":"Assessoria de comunica\u00e7\u00e3o ACRIMAT","image":{"@type":"ImageObject","inLanguage":"pt-BR","@id":"https:\/\/acrimat.org.br\/portal\/#\/schema\/person\/image\/","url":"https:\/\/secure.gravatar.com\/avatar\/2f9c28e64c317bcd762b25cb1575f1b4?s=96&d=mm&r=g","contentUrl":"https:\/\/secure.gravatar.com\/avatar\/2f9c28e64c317bcd762b25cb1575f1b4?s=96&d=mm&r=g","caption":"Assessoria de comunica\u00e7\u00e3o ACRIMAT"},"sameAs":["http:\/\/acrimat.org.br\/"],"url":"https:\/\/acrimat.org.br\/portal\/author\/ascom\/"}]}},"_links":{"self":[{"href":"https:\/\/acrimat.org.br\/portal\/wp-json\/wp\/v2\/posts\/97987135","targetHints":{"allow":["GET"]}}],"collection":[{"href":"https:\/\/acrimat.org.br\/portal\/wp-json\/wp\/v2\/posts"}],"about":[{"href":"https:\/\/acrimat.org.br\/portal\/wp-json\/wp\/v2\/types\/post"}],"author":[{"embeddable":true,"href":"https:\/\/acrimat.org.br\/portal\/wp-json\/wp\/v2\/users\/7"}],"replies":[{"embeddable":true,"href":"https:\/\/acrimat.org.br\/portal\/wp-json\/wp\/v2\/comments?post=97987135"}],"version-history":[{"count":1,"href":"https:\/\/acrimat.org.br\/portal\/wp-json\/wp\/v2\/posts\/97987135\/revisions"}],"predecessor-version":[{"id":97987136,"href":"https:\/\/acrimat.org.br\/portal\/wp-json\/wp\/v2\/posts\/97987135\/revisions\/97987136"}],"wp:featuredmedia":[{"embeddable":true,"href":"https:\/\/acrimat.org.br\/portal\/wp-json\/wp\/v2\/media\/97984517"}],"wp:attachment":[{"href":"https:\/\/acrimat.org.br\/portal\/wp-json\/wp\/v2\/media?parent=97987135"}],"wp:term":[{"taxonomy":"category","embeddable":true,"href":"https:\/\/acrimat.org.br\/portal\/wp-json\/wp\/v2\/categories?post=97987135"},{"taxonomy":"post_tag","embeddable":true,"href":"https:\/\/acrimat.org.br\/portal\/wp-json\/wp\/v2\/tags?post=97987135"}],"curies":[{"name":"wp","href":"https:\/\/api.w.org\/{rel}","templated":true}]}}