{"id":97987140,"date":"2018-04-13T10:42:57","date_gmt":"2018-04-13T13:42:57","guid":{"rendered":"http:\/\/acrimat.org.br\/portal\/?p=97987140"},"modified":"2018-04-13T11:13:52","modified_gmt":"2018-04-13T14:13:52","slug":"superacao-de-preconceitos-e-uma-das-palavras-de-ordem-na-intercorte","status":"publish","type":"post","link":"https:\/\/acrimat.org.br\/portal\/superacao-de-preconceitos-e-uma-das-palavras-de-ordem-na-intercorte\/","title":{"rendered":"Supera\u00e7\u00e3o de preconceitos \u00e9 uma das palavras de ordem na InterCorte"},"content":{"rendered":"<p>Supera\u00e7\u00e3o de preconceitos, tecnologia, inova\u00e7\u00e3o e conhecimento. Essas s\u00e3o algumas das palavras de ordem que marcam o in\u00edcio da 7\u00aa edi\u00e7\u00e3o da InterCorte em Cuiab\u00e1. Segundo o governador de Mato Grosso, Pedro Taques, \u201cN\u00e3o podemos vender para mercados internacionais se ficarmos em Cuiab\u00e1\u201d.<\/p>\n<p>Com o tema \u201cProduzir Mais Carne\u201d, a InterCorte em Cuiab\u00e1 ocorre nesta quinta e sexta-feira, 12 e 13 de abril, no Cenarium Rural. Realizada pelo Terraviva Eventos em parceria com a Associa\u00e7\u00e3o dos Criadores de Mato Grosso (Acrimat), a a\u00e7\u00e3o conta com mais 1,5 mil participantes, sendo 80% do p\u00fablico formado por produtores rurais em busca de conhecimento e troca de informa\u00e7\u00e3o para produzir melhor, com mais qualidade e rentabilidade.<\/p>\n<p>Mato Grosso \u00e9 detentor do maior rebanho bovino comercial do Brasil com quase 31 milh\u00f5es de cabe\u00e7as. Em 10 anos ampliou em torno de 12% o seu rebanho, 12% o peso de sua carca\u00e7a e reduziu em quase 15% o tempo de abate, garantindo assim uma maior qualidade na mesa.<\/p>\n<p>Conforme o presidente da Acrimat, Marco T\u00falio Duarte Soares, n\u00e3o somente estes fatores levam o estado a exportar para mais de 100 pa\u00edses carne bovina, mas tamb\u00e9m pontos como estar h\u00e1 22 anos sem a incid\u00eancia de febre aftosa e todo um trabalho de sustentabilidade desempenhado pelos produtores.<\/p>\n<p>\u201cA Acrimat tem como um de seus pilares promover o desenvolvimento da carne atrav\u00e9s da informa\u00e7\u00e3o e esse \u00e9 um dos focos da InterCorte. S\u00e3o experi\u00eancias aqui que se transformam em oportunidades de conhecimento para produzir mais, vender mais\u201d, disse Marco T\u00falio Duarte Soares.<\/p>\n<p>Para Eduardo Ramos, diretor do Terra Viva, a etapa da InterCorte \u00e9 um term\u00f4metro de como ser\u00e1 a atividade no decorrer do ano.<\/p>\n<p>Presente na abertura da InterCorte o governador de Mato Grosso, Pedro Taques, afirmou que \u201co Estado n\u00e3o deve entrar em determinadas situa\u00e7\u00f5es\u201d e que quem mais entende de suas necessidades \u00e9 o pr\u00f3prio setor produtivo. \u201cCriamos o Instituto Mato-grossense da Carne (Imac) com auto regula\u00e7\u00e3o do setor produtivo. O pr\u00f3prio setor conhece os seus problemas\u201d.<\/p>\n<p>Ainda de acordo com Taques, \u201cN\u00f3s n\u00e3o vendemos para mercados internacionais se ficarmos em Cuiab\u00e1\u201d e que \u00e9 preciso \u201csuperar preconceitos\u201d. \u201cFomos h\u00e1 v\u00e1rios lugares para mostrar a carne de Mato Grosso e superar preconceitos. E, esse trabalho ser\u00e1 feito pelo Imac de prospectar neg\u00f3cios e tirar essa barreira do preconceito. N\u00f3s temos carne de qualidade. J\u00e1 temos frigor\u00edficos enviando para os Estados Unidos, a exemplo de Paranatinga, e o Imac vai conseguir isso\u201d.<\/p>\n<p>Sobre a InterCorte Taques disse que \u201cTecnologia, conhecimento e inova\u00e7\u00e3o. N\u00e3o podemos ficar mais em patamares do passado e eventos como esse trazem tudo isso\u201d.<\/p>\n<p>Como o\u00a0<em><strong>Mato Grosso Agro<\/strong><\/em>\u00a0j\u00e1 comentou, a programa\u00e7\u00e3o da InterCorte em Cuiab\u00e1 estar\u00e1 dividida em quatro blocos tem\u00e1ticos: Produzir mais carne, que ir\u00e1 demonstrar que a efici\u00eancia t\u00e9cnica gera maiores ganhos, tendo o conceito de produzir mais em menos; Inova\u00e7\u00e3o, que pretende abordar junto ao produtor m\u00e9todos e t\u00e9cnicas novas da chamada quarta revolu\u00e7\u00e3o; Vender Mais e Vender Melhor, que apresentar\u00e1 ao produtor meios e subs\u00eddios para melhorar o mercado da carne; e Comunica\u00e7\u00e3o, que promover\u00e1 o debate com o produtor sobre a habilidade de comunica\u00e7\u00e3o, como o produtor divulga seus resultados e a\u00e7\u00f5es, e como a sociedade enxerga o Agroneg\u00f3cio.<\/p>\n<p>Segundo o presidente do Sistema Famato, Normando Corral, \u201ca InterCorte \u00e9 um evento para comemorar a atua\u00e7\u00e3o sustent\u00e1vel de Mato Grosso\u201d.<\/p>\n<p>O presidente do Sindicato Rural de Cuiab\u00e1, Jorge Pires de Miranda, destacou que \u201cEstamos evoluindo da porteira para fora com agrega\u00e7\u00e3o de valor e qualidade com o Imac. Acredito que a pecu\u00e1ria ter\u00e1 dois momentos. Um antes e outro p\u00f3s Imac conseguindo agregar valor ao produto\u201d.<\/p>\n","protected":false},"excerpt":{"rendered":"<p>Supera\u00e7\u00e3o de preconceitos, tecnologia, inova\u00e7\u00e3o e conhecimento. Essas s\u00e3o algumas das palavras de ordem que marcam o in\u00edcio da 7\u00aa edi\u00e7\u00e3o da InterCorte em Cuiab\u00e1<\/p>\n","protected":false},"author":7,"featured_media":97987125,"comment_status":"closed","ping_status":"closed","sticky":false,"template":"","format":"standard","meta":{"footnotes":""},"categories":[6,1],"tags":[],"class_list":["post-97987140","post","type-post","status-publish","format-standard","has-post-thumbnail","hentry","category-destaque","category-noticia"],"yoast_head":"<!-- This site is optimized with the Yoast SEO plugin v24.8.1 - https:\/\/yoast.com\/wordpress\/plugins\/seo\/ -->\n<title>Supera\u00e7\u00e3o de preconceitos \u00e9 uma das palavras de ordem na InterCorte - Acrimat<\/title>\n<meta name=\"robots\" content=\"index, follow, max-snippet:-1, max-image-preview:large, max-video-preview:-1\" \/>\n<link rel=\"canonical\" href=\"https:\/\/acrimat.org.br\/portal\/superacao-de-preconceitos-e-uma-das-palavras-de-ordem-na-intercorte\/\" \/>\n<meta property=\"og:locale\" content=\"pt_BR\" \/>\n<meta property=\"og:type\" content=\"article\" \/>\n<meta property=\"og:title\" content=\"Supera\u00e7\u00e3o de preconceitos \u00e9 uma das palavras de ordem na InterCorte - Acrimat\" \/>\n<meta property=\"og:description\" content=\"Supera\u00e7\u00e3o de preconceitos, tecnologia, inova\u00e7\u00e3o e conhecimento. Essas s\u00e3o algumas das palavras de ordem que marcam o in\u00edcio da 7\u00aa edi\u00e7\u00e3o da InterCorte em Cuiab\u00e1\" \/>\n<meta property=\"og:url\" content=\"https:\/\/acrimat.org.br\/portal\/superacao-de-preconceitos-e-uma-das-palavras-de-ordem-na-intercorte\/\" \/>\n<meta property=\"og:site_name\" content=\"Acrimat\" \/>\n<meta property=\"article:published_time\" content=\"2018-04-13T13:42:57+00:00\" \/>\n<meta property=\"article:modified_time\" content=\"2018-04-13T14:13:52+00:00\" \/>\n<meta property=\"og:image\" content=\"https:\/\/acrimat.org.br\/portal\/wp-content\/uploads\/2018\/04\/intercorte-2018-1.jpg\" \/>\n\t<meta property=\"og:image:width\" content=\"1024\" \/>\n\t<meta property=\"og:image:height\" content=\"683\" \/>\n\t<meta property=\"og:image:type\" content=\"image\/jpeg\" \/>\n<meta name=\"author\" content=\"Assessoria de comunica\u00e7\u00e3o ACRIMAT\" \/>\n<meta name=\"twitter:card\" content=\"summary_large_image\" \/>\n<meta name=\"twitter:label1\" content=\"Escrito por\" \/>\n\t<meta name=\"twitter:data1\" content=\"Assessoria de comunica\u00e7\u00e3o ACRIMAT\" \/>\n\t<meta name=\"twitter:label2\" content=\"Est. tempo de leitura\" \/>\n\t<meta name=\"twitter:data2\" content=\"3 minutos\" \/>\n<script type=\"application\/ld+json\" class=\"yoast-schema-graph\">{\"@context\":\"https:\/\/schema.org\",\"@graph\":[{\"@type\":\"Article\",\"@id\":\"https:\/\/acrimat.org.br\/portal\/superacao-de-preconceitos-e-uma-das-palavras-de-ordem-na-intercorte\/#article\",\"isPartOf\":{\"@id\":\"https:\/\/acrimat.org.br\/portal\/superacao-de-preconceitos-e-uma-das-palavras-de-ordem-na-intercorte\/\"},\"author\":{\"name\":\"Assessoria de comunica\u00e7\u00e3o ACRIMAT\",\"@id\":\"https:\/\/acrimat.org.br\/portal\/#\/schema\/person\/a309b9496344ff991e8e1b1d751fdd7b\"},\"headline\":\"Supera\u00e7\u00e3o de preconceitos \u00e9 uma das palavras de ordem na InterCorte\",\"datePublished\":\"2018-04-13T13:42:57+00:00\",\"dateModified\":\"2018-04-13T14:13:52+00:00\",\"mainEntityOfPage\":{\"@id\":\"https:\/\/acrimat.org.br\/portal\/superacao-de-preconceitos-e-uma-das-palavras-de-ordem-na-intercorte\/\"},\"wordCount\":649,\"publisher\":{\"@id\":\"https:\/\/acrimat.org.br\/portal\/#organization\"},\"image\":{\"@id\":\"https:\/\/acrimat.org.br\/portal\/superacao-de-preconceitos-e-uma-das-palavras-de-ordem-na-intercorte\/#primaryimage\"},\"thumbnailUrl\":\"https:\/\/acrimat.org.br\/portal\/wp-content\/uploads\/2018\/04\/intercorte-2018-1.jpg\",\"articleSection\":[\"Destaques\",\"Not\u00edcias\"],\"inLanguage\":\"pt-BR\"},{\"@type\":\"WebPage\",\"@id\":\"https:\/\/acrimat.org.br\/portal\/superacao-de-preconceitos-e-uma-das-palavras-de-ordem-na-intercorte\/\",\"url\":\"https:\/\/acrimat.org.br\/portal\/superacao-de-preconceitos-e-uma-das-palavras-de-ordem-na-intercorte\/\",\"name\":\"Supera\u00e7\u00e3o de preconceitos \u00e9 uma das palavras de ordem na InterCorte - Acrimat\",\"isPartOf\":{\"@id\":\"https:\/\/acrimat.org.br\/portal\/#website\"},\"primaryImageOfPage\":{\"@id\":\"https:\/\/acrimat.org.br\/portal\/superacao-de-preconceitos-e-uma-das-palavras-de-ordem-na-intercorte\/#primaryimage\"},\"image\":{\"@id\":\"https:\/\/acrimat.org.br\/portal\/superacao-de-preconceitos-e-uma-das-palavras-de-ordem-na-intercorte\/#primaryimage\"},\"thumbnailUrl\":\"https:\/\/acrimat.org.br\/portal\/wp-content\/uploads\/2018\/04\/intercorte-2018-1.jpg\",\"datePublished\":\"2018-04-13T13:42:57+00:00\",\"dateModified\":\"2018-04-13T14:13:52+00:00\",\"breadcrumb\":{\"@id\":\"https:\/\/acrimat.org.br\/portal\/superacao-de-preconceitos-e-uma-das-palavras-de-ordem-na-intercorte\/#breadcrumb\"},\"inLanguage\":\"pt-BR\",\"potentialAction\":[{\"@type\":\"ReadAction\",\"target\":[\"https:\/\/acrimat.org.br\/portal\/superacao-de-preconceitos-e-uma-das-palavras-de-ordem-na-intercorte\/\"]}]},{\"@type\":\"ImageObject\",\"inLanguage\":\"pt-BR\",\"@id\":\"https:\/\/acrimat.org.br\/portal\/superacao-de-preconceitos-e-uma-das-palavras-de-ordem-na-intercorte\/#primaryimage\",\"url\":\"https:\/\/acrimat.org.br\/portal\/wp-content\/uploads\/2018\/04\/intercorte-2018-1.jpg\",\"contentUrl\":\"https:\/\/acrimat.org.br\/portal\/wp-content\/uploads\/2018\/04\/intercorte-2018-1.jpg\",\"width\":1024,\"height\":683},{\"@type\":\"BreadcrumbList\",\"@id\":\"https:\/\/acrimat.org.br\/portal\/superacao-de-preconceitos-e-uma-das-palavras-de-ordem-na-intercorte\/#breadcrumb\",\"itemListElement\":[{\"@type\":\"ListItem\",\"position\":1,\"name\":\"In\u00edcio\",\"item\":\"https:\/\/acrimat.org.br\/portal\/\"},{\"@type\":\"ListItem\",\"position\":2,\"name\":\"Supera\u00e7\u00e3o de preconceitos \u00e9 uma das palavras de ordem na InterCorte\"}]},{\"@type\":\"WebSite\",\"@id\":\"https:\/\/acrimat.org.br\/portal\/#website\",\"url\":\"https:\/\/acrimat.org.br\/portal\/\",\"name\":\"Acrimat\",\"description\":\"Associa\u00e7\u00e3o dos Criadores de Mato Grosso\",\"publisher\":{\"@id\":\"https:\/\/acrimat.org.br\/portal\/#organization\"},\"potentialAction\":[{\"@type\":\"SearchAction\",\"target\":{\"@type\":\"EntryPoint\",\"urlTemplate\":\"https:\/\/acrimat.org.br\/portal\/?s={search_term_string}\"},\"query-input\":{\"@type\":\"PropertyValueSpecification\",\"valueRequired\":true,\"valueName\":\"search_term_string\"}}],\"inLanguage\":\"pt-BR\"},{\"@type\":\"Organization\",\"@id\":\"https:\/\/acrimat.org.br\/portal\/#organization\",\"name\":\"Associa\u00e7\u00e3o dos Criadores de Mato Grosso\",\"url\":\"https:\/\/acrimat.org.br\/portal\/\",\"logo\":{\"@type\":\"ImageObject\",\"inLanguage\":\"pt-BR\",\"@id\":\"https:\/\/acrimat.org.br\/portal\/#\/schema\/logo\/image\/\",\"url\":\"https:\/\/acrimat.org.br\/portal\/wp-content\/uploads\/2018\/03\/logo-peq-original.png\",\"contentUrl\":\"https:\/\/acrimat.org.br\/portal\/wp-content\/uploads\/2018\/03\/logo-peq-original.png\",\"width\":174,\"height\":171,\"caption\":\"Associa\u00e7\u00e3o dos Criadores de Mato Grosso\"},\"image\":{\"@id\":\"https:\/\/acrimat.org.br\/portal\/#\/schema\/logo\/image\/\"}},{\"@type\":\"Person\",\"@id\":\"https:\/\/acrimat.org.br\/portal\/#\/schema\/person\/a309b9496344ff991e8e1b1d751fdd7b\",\"name\":\"Assessoria de comunica\u00e7\u00e3o ACRIMAT\",\"image\":{\"@type\":\"ImageObject\",\"inLanguage\":\"pt-BR\",\"@id\":\"https:\/\/acrimat.org.br\/portal\/#\/schema\/person\/image\/\",\"url\":\"https:\/\/secure.gravatar.com\/avatar\/2f9c28e64c317bcd762b25cb1575f1b4?s=96&d=mm&r=g\",\"contentUrl\":\"https:\/\/secure.gravatar.com\/avatar\/2f9c28e64c317bcd762b25cb1575f1b4?s=96&d=mm&r=g\",\"caption\":\"Assessoria de comunica\u00e7\u00e3o ACRIMAT\"},\"sameAs\":[\"http:\/\/acrimat.org.br\/\"],\"url\":\"https:\/\/acrimat.org.br\/portal\/author\/ascom\/\"}]}<\/script>\n<!-- \/ Yoast SEO plugin. -->","yoast_head_json":{"title":"Supera\u00e7\u00e3o de preconceitos \u00e9 uma das palavras de ordem na InterCorte - Acrimat","robots":{"index":"index","follow":"follow","max-snippet":"max-snippet:-1","max-image-preview":"max-image-preview:large","max-video-preview":"max-video-preview:-1"},"canonical":"https:\/\/acrimat.org.br\/portal\/superacao-de-preconceitos-e-uma-das-palavras-de-ordem-na-intercorte\/","og_locale":"pt_BR","og_type":"article","og_title":"Supera\u00e7\u00e3o de preconceitos \u00e9 uma das palavras de ordem na InterCorte - Acrimat","og_description":"Supera\u00e7\u00e3o de preconceitos, tecnologia, inova\u00e7\u00e3o e conhecimento. Essas s\u00e3o algumas das palavras de ordem que marcam o in\u00edcio da 7\u00aa edi\u00e7\u00e3o da InterCorte em Cuiab\u00e1","og_url":"https:\/\/acrimat.org.br\/portal\/superacao-de-preconceitos-e-uma-das-palavras-de-ordem-na-intercorte\/","og_site_name":"Acrimat","article_published_time":"2018-04-13T13:42:57+00:00","article_modified_time":"2018-04-13T14:13:52+00:00","og_image":[{"width":1024,"height":683,"url":"https:\/\/acrimat.org.br\/portal\/wp-content\/uploads\/2018\/04\/intercorte-2018-1.jpg","type":"image\/jpeg"}],"author":"Assessoria de comunica\u00e7\u00e3o ACRIMAT","twitter_card":"summary_large_image","twitter_misc":{"Escrito por":"Assessoria de comunica\u00e7\u00e3o ACRIMAT","Est. tempo de leitura":"3 minutos"},"schema":{"@context":"https:\/\/schema.org","@graph":[{"@type":"Article","@id":"https:\/\/acrimat.org.br\/portal\/superacao-de-preconceitos-e-uma-das-palavras-de-ordem-na-intercorte\/#article","isPartOf":{"@id":"https:\/\/acrimat.org.br\/portal\/superacao-de-preconceitos-e-uma-das-palavras-de-ordem-na-intercorte\/"},"author":{"name":"Assessoria de comunica\u00e7\u00e3o ACRIMAT","@id":"https:\/\/acrimat.org.br\/portal\/#\/schema\/person\/a309b9496344ff991e8e1b1d751fdd7b"},"headline":"Supera\u00e7\u00e3o de preconceitos \u00e9 uma das palavras de ordem na InterCorte","datePublished":"2018-04-13T13:42:57+00:00","dateModified":"2018-04-13T14:13:52+00:00","mainEntityOfPage":{"@id":"https:\/\/acrimat.org.br\/portal\/superacao-de-preconceitos-e-uma-das-palavras-de-ordem-na-intercorte\/"},"wordCount":649,"publisher":{"@id":"https:\/\/acrimat.org.br\/portal\/#organization"},"image":{"@id":"https:\/\/acrimat.org.br\/portal\/superacao-de-preconceitos-e-uma-das-palavras-de-ordem-na-intercorte\/#primaryimage"},"thumbnailUrl":"https:\/\/acrimat.org.br\/portal\/wp-content\/uploads\/2018\/04\/intercorte-2018-1.jpg","articleSection":["Destaques","Not\u00edcias"],"inLanguage":"pt-BR"},{"@type":"WebPage","@id":"https:\/\/acrimat.org.br\/portal\/superacao-de-preconceitos-e-uma-das-palavras-de-ordem-na-intercorte\/","url":"https:\/\/acrimat.org.br\/portal\/superacao-de-preconceitos-e-uma-das-palavras-de-ordem-na-intercorte\/","name":"Supera\u00e7\u00e3o de preconceitos \u00e9 uma das palavras de ordem na InterCorte - Acrimat","isPartOf":{"@id":"https:\/\/acrimat.org.br\/portal\/#website"},"primaryImageOfPage":{"@id":"https:\/\/acrimat.org.br\/portal\/superacao-de-preconceitos-e-uma-das-palavras-de-ordem-na-intercorte\/#primaryimage"},"image":{"@id":"https:\/\/acrimat.org.br\/portal\/superacao-de-preconceitos-e-uma-das-palavras-de-ordem-na-intercorte\/#primaryimage"},"thumbnailUrl":"https:\/\/acrimat.org.br\/portal\/wp-content\/uploads\/2018\/04\/intercorte-2018-1.jpg","datePublished":"2018-04-13T13:42:57+00:00","dateModified":"2018-04-13T14:13:52+00:00","breadcrumb":{"@id":"https:\/\/acrimat.org.br\/portal\/superacao-de-preconceitos-e-uma-das-palavras-de-ordem-na-intercorte\/#breadcrumb"},"inLanguage":"pt-BR","potentialAction":[{"@type":"ReadAction","target":["https:\/\/acrimat.org.br\/portal\/superacao-de-preconceitos-e-uma-das-palavras-de-ordem-na-intercorte\/"]}]},{"@type":"ImageObject","inLanguage":"pt-BR","@id":"https:\/\/acrimat.org.br\/portal\/superacao-de-preconceitos-e-uma-das-palavras-de-ordem-na-intercorte\/#primaryimage","url":"https:\/\/acrimat.org.br\/portal\/wp-content\/uploads\/2018\/04\/intercorte-2018-1.jpg","contentUrl":"https:\/\/acrimat.org.br\/portal\/wp-content\/uploads\/2018\/04\/intercorte-2018-1.jpg","width":1024,"height":683},{"@type":"BreadcrumbList","@id":"https:\/\/acrimat.org.br\/portal\/superacao-de-preconceitos-e-uma-das-palavras-de-ordem-na-intercorte\/#breadcrumb","itemListElement":[{"@type":"ListItem","position":1,"name":"In\u00edcio","item":"https:\/\/acrimat.org.br\/portal\/"},{"@type":"ListItem","position":2,"name":"Supera\u00e7\u00e3o de preconceitos \u00e9 uma das palavras de ordem na InterCorte"}]},{"@type":"WebSite","@id":"https:\/\/acrimat.org.br\/portal\/#website","url":"https:\/\/acrimat.org.br\/portal\/","name":"Acrimat","description":"Associa\u00e7\u00e3o dos Criadores de Mato Grosso","publisher":{"@id":"https:\/\/acrimat.org.br\/portal\/#organization"},"potentialAction":[{"@type":"SearchAction","target":{"@type":"EntryPoint","urlTemplate":"https:\/\/acrimat.org.br\/portal\/?s={search_term_string}"},"query-input":{"@type":"PropertyValueSpecification","valueRequired":true,"valueName":"search_term_string"}}],"inLanguage":"pt-BR"},{"@type":"Organization","@id":"https:\/\/acrimat.org.br\/portal\/#organization","name":"Associa\u00e7\u00e3o dos Criadores de Mato Grosso","url":"https:\/\/acrimat.org.br\/portal\/","logo":{"@type":"ImageObject","inLanguage":"pt-BR","@id":"https:\/\/acrimat.org.br\/portal\/#\/schema\/logo\/image\/","url":"https:\/\/acrimat.org.br\/portal\/wp-content\/uploads\/2018\/03\/logo-peq-original.png","contentUrl":"https:\/\/acrimat.org.br\/portal\/wp-content\/uploads\/2018\/03\/logo-peq-original.png","width":174,"height":171,"caption":"Associa\u00e7\u00e3o dos Criadores de Mato Grosso"},"image":{"@id":"https:\/\/acrimat.org.br\/portal\/#\/schema\/logo\/image\/"}},{"@type":"Person","@id":"https:\/\/acrimat.org.br\/portal\/#\/schema\/person\/a309b9496344ff991e8e1b1d751fdd7b","name":"Assessoria de comunica\u00e7\u00e3o ACRIMAT","image":{"@type":"ImageObject","inLanguage":"pt-BR","@id":"https:\/\/acrimat.org.br\/portal\/#\/schema\/person\/image\/","url":"https:\/\/secure.gravatar.com\/avatar\/2f9c28e64c317bcd762b25cb1575f1b4?s=96&d=mm&r=g","contentUrl":"https:\/\/secure.gravatar.com\/avatar\/2f9c28e64c317bcd762b25cb1575f1b4?s=96&d=mm&r=g","caption":"Assessoria de comunica\u00e7\u00e3o ACRIMAT"},"sameAs":["http:\/\/acrimat.org.br\/"],"url":"https:\/\/acrimat.org.br\/portal\/author\/ascom\/"}]}},"_links":{"self":[{"href":"https:\/\/acrimat.org.br\/portal\/wp-json\/wp\/v2\/posts\/97987140","targetHints":{"allow":["GET"]}}],"collection":[{"href":"https:\/\/acrimat.org.br\/portal\/wp-json\/wp\/v2\/posts"}],"about":[{"href":"https:\/\/acrimat.org.br\/portal\/wp-json\/wp\/v2\/types\/post"}],"author":[{"embeddable":true,"href":"https:\/\/acrimat.org.br\/portal\/wp-json\/wp\/v2\/users\/7"}],"replies":[{"embeddable":true,"href":"https:\/\/acrimat.org.br\/portal\/wp-json\/wp\/v2\/comments?post=97987140"}],"version-history":[{"count":2,"href":"https:\/\/acrimat.org.br\/portal\/wp-json\/wp\/v2\/posts\/97987140\/revisions"}],"predecessor-version":[{"id":97987142,"href":"https:\/\/acrimat.org.br\/portal\/wp-json\/wp\/v2\/posts\/97987140\/revisions\/97987142"}],"wp:featuredmedia":[{"embeddable":true,"href":"https:\/\/acrimat.org.br\/portal\/wp-json\/wp\/v2\/media\/97987125"}],"wp:attachment":[{"href":"https:\/\/acrimat.org.br\/portal\/wp-json\/wp\/v2\/media?parent=97987140"}],"wp:term":[{"taxonomy":"category","embeddable":true,"href":"https:\/\/acrimat.org.br\/portal\/wp-json\/wp\/v2\/categories?post=97987140"},{"taxonomy":"post_tag","embeddable":true,"href":"https:\/\/acrimat.org.br\/portal\/wp-json\/wp\/v2\/tags?post=97987140"}],"curies":[{"name":"wp","href":"https:\/\/api.w.org\/{rel}","templated":true}]}}