{"id":97987274,"date":"2018-04-20T09:47:31","date_gmt":"2018-04-20T12:47:31","guid":{"rendered":"http:\/\/acrimat.org.br\/portal\/?p=97987274"},"modified":"2018-04-20T09:49:34","modified_gmt":"2018-04-20T12:49:34","slug":"ue-suspende-as-compras-de-20-frigorificos-brasileiros","status":"publish","type":"post","link":"https:\/\/acrimat.org.br\/portal\/ue-suspende-as-compras-de-20-frigorificos-brasileiros\/","title":{"rendered":"UE suspende as compras de 20 frigor\u00edficos brasileiros"},"content":{"rendered":"<p>A Uni\u00e3o Europeia anunciou nesta quinta-feira (19) que proibiu a importa\u00e7\u00e3o de carne de frango e derivados de 20 unidades de frigor\u00edficos do Brasil, aproximadamente um ter\u00e7o do total de plantas autorizadas a vender para o bloco. A decis\u00e3o entra em vigor dentro de 15 dias.<\/p>\n<p>Estimativas preliminares do setor apontam que o impacto negativo para as exporta\u00e7\u00f5es do Brasil pode chegar a US$ 300 milh\u00f5es por ano, o que significa uma queda de 30% a 35% nas vendas de frango para a UE. Em rela\u00e7\u00e3o aos embarques totais do pa\u00eds, a perda \u00e9 bem menor: 4%.<\/p>\n<p>Conforme um documento extraoficial obtido pela reportagem, dos 20 frigor\u00edficos barrados, 12 pertencem \u00e0 BRF, gigante dona das marcas Sadia e Perdig\u00e3o e alvo da Opera\u00e7\u00e3o Trapa\u00e7a. As demais empresas s\u00e3o cooperativas paranaenses. As f\u00e1bricas da JBS n\u00e3o foram afetadas.<\/p>\n<p>Pelas estimativas do mercado, a BRF ter\u00e1 uma perda de cerca de R$ 1 bilh\u00e3o com a suspens\u00e3o de suas plantas. O valor equivale a cerca de 3% do faturamento, no entanto, a empresa encerrou o ano passado com preju\u00edzo da mesma ordem, cerca de R$ 1,1 bilh\u00e3o.<\/p>\n<p>A UE alegou que os frigor\u00edficos embargados descumpriram a regra de toler\u00e2ncia zero para presen\u00e7a de qualquer tipo de salmonela, exigida para a venda de carne de frango in natura dentro de uma cota de 170 mil toneladas ao que o Brasil tem direito.<\/p>\n<p>Segundo apurou a reportagem, foi detectada a presen\u00e7a de salmonela em 0,6% das amostras\u00a0\u2014 um dos menores \u00edndices do mundo\u2014, mas, ainda assim, proibido da proibi\u00e7\u00e3o de qualquer uma dos 2,6 mil tipos dessa bact\u00e9ria, mesmo as n\u00e3o prejudiciais \u00e0 sa\u00fade.<\/p>\n<p>O setor e o governo desconfiam que \u00e9 uma barreira comercial, porque, se as empresas aceitarem pagar uma tarifa extracota de 1.024 euros por tonelada, a restri\u00e7\u00e3o \u00e9 reduzida para 2 tipos de salmonelas, que s\u00e3o efetivamente prejudiciais \u00e0 sa\u00fade, e a carne \u00e9 liberada para entrar na UE.<\/p>\n<p>O embargo europeu chega num momento ruim para o setor de carne de frango no mercado interno. O pre\u00e7o do frango abatido no atacado caiu 30% em S\u00e3o Paulo no acumulado dos \u00faltimos 12 meses, enquanto os custos de produ\u00e7\u00e3o subiram por conta do aumento do pre\u00e7o do milho e da soja.<\/p>\n<p>Na avalia\u00e7\u00e3o de analistas e executivos, no entanto, o maior problema ser\u00e1 o desgaste para a imagem do produto brasileiro no exterior, j\u00e1 que o sistema de controle sanit\u00e1rio da UE costuma ser visto como referencia para outros pa\u00edses.<\/p>\n<p>Para impor \u00e0 barreira, os europeus alegaram preocupa\u00e7\u00e3o com a qualidade da carne de frango brasileira, mas o governo est\u00e1 convencido que a medida \u00e9 uma barreira comercial e promete abrir um processo na Organiza\u00e7\u00e3o Mundial de Com\u00e9rcio (OMC).<\/p>\n<p>&#8220;\u00c9 uma prote\u00e7\u00e3o comercial disfar\u00e7ada de quest\u00e3o de sa\u00fade&#8221;, disse \u00e0 Blairo Maggi, ministro da Agricultura. Na quarta-feira (18), j\u00e1 prevendo a medida europeia, o ministro esteve com o presidente Michel Temer, que deu aval para o processo na OMC, e come\u00e7ou a discutir o assunto com o titular das Rela\u00e7\u00f5es Exteriores, Aloysio Nunes.<\/p>\n<p>As investiga\u00e7\u00f5es europeias come\u00e7aram ap\u00f3s a deflagra\u00e7\u00e3o das Opera\u00e7\u00f5es Carne Fraca e Trapa\u00e7a pela Pol\u00edcia Federal brasileira, que investigam suspeitas de fraudes em exames laboratoriais.<\/p>\n<p><a href=\"http:\/\/acrimat.org.br\/portal\/wp-content\/uploads\/2018\/04\/tabelanoticia.jpg\"><img fetchpriority=\"high\" decoding=\"async\" class=\"aligncenter wp-image-97987275 size-full\" src=\"http:\/\/acrimat.org.br\/portal\/wp-content\/uploads\/2018\/04\/tabelanoticia.jpg\" alt=\"\" width=\"695\" height=\"166\" srcset=\"https:\/\/acrimat.org.br\/portal\/wp-content\/uploads\/2018\/04\/tabelanoticia.jpg 695w, https:\/\/acrimat.org.br\/portal\/wp-content\/uploads\/2018\/04\/tabelanoticia-300x72.jpg 300w, https:\/\/acrimat.org.br\/portal\/wp-content\/uploads\/2018\/04\/tabelanoticia-250x60.jpg 250w, https:\/\/acrimat.org.br\/portal\/wp-content\/uploads\/2018\/04\/tabelanoticia-550x131.jpg 550w\" sizes=\"(max-width: 695px) 100vw, 695px\" \/><\/a><\/p>\n<p><strong>OUTRO LADO<\/strong><\/p>\n<p>Em nota, a BRF disse que ainda n\u00e3o foi oficialmente informada sobre a decis\u00e3o. A associa\u00e7\u00e3o que re\u00fane as empresas do setor diz \u00e9 &#8220;uma medida protecionista que n\u00e3o se ampara em riscos sanit\u00e1rios ou de sa\u00fade p\u00fablica.&#8221;<\/p>\n<p>A companhia disse que &#8220;vai procurar seus direitos perante os \u00f3rg\u00e3os respons\u00e1veis europeus&#8221; e\u00a0dar suporte integral \u00e0s\u00a0a\u00e7\u00f5es do governo brasileiro na OMC.<\/p>\n<p>A\u00a0BRF\u00a0afirmou ainda que vai iniciar a revis\u00e3o de seu planejamento de produ\u00e7\u00e3o, que j\u00e1 considera o regime de f\u00e9rias coletivas em quatro\u00a0unidades: Capinzal (SC), Rio Verde (GO), Carambe\u00ed (PR) e Toledo (PR).<\/p>\n<p>A\u00a0 Lar\u00a0Cooperativa Agroindustrial\u00a0disse n\u00e3o ter recebido notifica\u00e7\u00e3o oficial e, por isso, n\u00e3o vai se manifestar no momento.\u00a0A\u00a0\u00a0Copagril\u00a0afirmou que considera precoce um\u00a0\u00a0pronunciamento sobre o tema no momento e que vai\u00a0avaliar os impactos ap\u00f3s a confirma\u00e7\u00e3o oficial desta informa\u00e7\u00e3o.<\/p>\n<p>A\u00a0Bello\u00a0Alimentos afirmou que a\u00a0ABPA\u00a0falar\u00e1 em seu nome.\u200b<\/p>\n<p>Ana\u00efs Fernandes , Nat\u00e1lia Portinari e Raquel Landim<\/p>\n","protected":false},"excerpt":{"rendered":"<p>Empresa mais afetada \u00e9 a BRF, que pode ter preju\u00edzo de R$ 1 bi com interrup\u00e7\u00e3o<\/p>\n","protected":false},"author":7,"featured_media":97985451,"comment_status":"closed","ping_status":"closed","sticky":false,"template":"","format":"standard","meta":{"footnotes":""},"categories":[6,1],"tags":[],"class_list":["post-97987274","post","type-post","status-publish","format-standard","has-post-thumbnail","hentry","category-destaque","category-noticia"],"yoast_head":"<!-- This site is optimized with the Yoast SEO plugin v24.8.1 - https:\/\/yoast.com\/wordpress\/plugins\/seo\/ -->\n<title>UE suspende as compras de 20 frigor\u00edficos brasileiros - Acrimat<\/title>\n<meta name=\"robots\" content=\"index, follow, max-snippet:-1, max-image-preview:large, max-video-preview:-1\" \/>\n<link rel=\"canonical\" href=\"https:\/\/acrimat.org.br\/portal\/ue-suspende-as-compras-de-20-frigorificos-brasileiros\/\" \/>\n<meta property=\"og:locale\" content=\"pt_BR\" \/>\n<meta property=\"og:type\" content=\"article\" \/>\n<meta property=\"og:title\" content=\"UE suspende as compras de 20 frigor\u00edficos brasileiros - Acrimat\" \/>\n<meta property=\"og:description\" content=\"Empresa mais afetada \u00e9 a BRF, que pode ter preju\u00edzo de R$ 1 bi com interrup\u00e7\u00e3o\" \/>\n<meta property=\"og:url\" content=\"https:\/\/acrimat.org.br\/portal\/ue-suspende-as-compras-de-20-frigorificos-brasileiros\/\" \/>\n<meta property=\"og:site_name\" content=\"Acrimat\" \/>\n<meta property=\"article:published_time\" content=\"2018-04-20T12:47:31+00:00\" \/>\n<meta property=\"article:modified_time\" content=\"2018-04-20T12:49:34+00:00\" \/>\n<meta property=\"og:image\" content=\"https:\/\/acrimat.org.br\/portal\/wp-content\/uploads\/2018\/01\/frigorifico4.jpg\" \/>\n\t<meta property=\"og:image:width\" content=\"640\" \/>\n\t<meta property=\"og:image:height\" content=\"440\" \/>\n\t<meta property=\"og:image:type\" content=\"image\/jpeg\" \/>\n<meta name=\"author\" content=\"Assessoria de comunica\u00e7\u00e3o ACRIMAT\" \/>\n<meta name=\"twitter:card\" content=\"summary_large_image\" \/>\n<meta name=\"twitter:label1\" content=\"Escrito por\" \/>\n\t<meta name=\"twitter:data1\" content=\"Assessoria de comunica\u00e7\u00e3o ACRIMAT\" \/>\n\t<meta name=\"twitter:label2\" content=\"Est. tempo de leitura\" \/>\n\t<meta name=\"twitter:data2\" content=\"4 minutos\" \/>\n<script type=\"application\/ld+json\" class=\"yoast-schema-graph\">{\"@context\":\"https:\/\/schema.org\",\"@graph\":[{\"@type\":\"Article\",\"@id\":\"https:\/\/acrimat.org.br\/portal\/ue-suspende-as-compras-de-20-frigorificos-brasileiros\/#article\",\"isPartOf\":{\"@id\":\"https:\/\/acrimat.org.br\/portal\/ue-suspende-as-compras-de-20-frigorificos-brasileiros\/\"},\"author\":{\"name\":\"Assessoria de comunica\u00e7\u00e3o ACRIMAT\",\"@id\":\"https:\/\/acrimat.org.br\/portal\/#\/schema\/person\/a309b9496344ff991e8e1b1d751fdd7b\"},\"headline\":\"UE suspende as compras de 20 frigor\u00edficos brasileiros\",\"datePublished\":\"2018-04-20T12:47:31+00:00\",\"dateModified\":\"2018-04-20T12:49:34+00:00\",\"mainEntityOfPage\":{\"@id\":\"https:\/\/acrimat.org.br\/portal\/ue-suspende-as-compras-de-20-frigorificos-brasileiros\/\"},\"wordCount\":741,\"publisher\":{\"@id\":\"https:\/\/acrimat.org.br\/portal\/#organization\"},\"image\":{\"@id\":\"https:\/\/acrimat.org.br\/portal\/ue-suspende-as-compras-de-20-frigorificos-brasileiros\/#primaryimage\"},\"thumbnailUrl\":\"https:\/\/acrimat.org.br\/portal\/wp-content\/uploads\/2018\/01\/frigorifico4.jpg\",\"articleSection\":[\"Destaques\",\"Not\u00edcias\"],\"inLanguage\":\"pt-BR\"},{\"@type\":\"WebPage\",\"@id\":\"https:\/\/acrimat.org.br\/portal\/ue-suspende-as-compras-de-20-frigorificos-brasileiros\/\",\"url\":\"https:\/\/acrimat.org.br\/portal\/ue-suspende-as-compras-de-20-frigorificos-brasileiros\/\",\"name\":\"UE suspende as compras de 20 frigor\u00edficos brasileiros - Acrimat\",\"isPartOf\":{\"@id\":\"https:\/\/acrimat.org.br\/portal\/#website\"},\"primaryImageOfPage\":{\"@id\":\"https:\/\/acrimat.org.br\/portal\/ue-suspende-as-compras-de-20-frigorificos-brasileiros\/#primaryimage\"},\"image\":{\"@id\":\"https:\/\/acrimat.org.br\/portal\/ue-suspende-as-compras-de-20-frigorificos-brasileiros\/#primaryimage\"},\"thumbnailUrl\":\"https:\/\/acrimat.org.br\/portal\/wp-content\/uploads\/2018\/01\/frigorifico4.jpg\",\"datePublished\":\"2018-04-20T12:47:31+00:00\",\"dateModified\":\"2018-04-20T12:49:34+00:00\",\"breadcrumb\":{\"@id\":\"https:\/\/acrimat.org.br\/portal\/ue-suspende-as-compras-de-20-frigorificos-brasileiros\/#breadcrumb\"},\"inLanguage\":\"pt-BR\",\"potentialAction\":[{\"@type\":\"ReadAction\",\"target\":[\"https:\/\/acrimat.org.br\/portal\/ue-suspende-as-compras-de-20-frigorificos-brasileiros\/\"]}]},{\"@type\":\"ImageObject\",\"inLanguage\":\"pt-BR\",\"@id\":\"https:\/\/acrimat.org.br\/portal\/ue-suspende-as-compras-de-20-frigorificos-brasileiros\/#primaryimage\",\"url\":\"https:\/\/acrimat.org.br\/portal\/wp-content\/uploads\/2018\/01\/frigorifico4.jpg\",\"contentUrl\":\"https:\/\/acrimat.org.br\/portal\/wp-content\/uploads\/2018\/01\/frigorifico4.jpg\",\"width\":640,\"height\":440},{\"@type\":\"BreadcrumbList\",\"@id\":\"https:\/\/acrimat.org.br\/portal\/ue-suspende-as-compras-de-20-frigorificos-brasileiros\/#breadcrumb\",\"itemListElement\":[{\"@type\":\"ListItem\",\"position\":1,\"name\":\"In\u00edcio\",\"item\":\"https:\/\/acrimat.org.br\/portal\/\"},{\"@type\":\"ListItem\",\"position\":2,\"name\":\"UE suspende as compras de 20 frigor\u00edficos brasileiros\"}]},{\"@type\":\"WebSite\",\"@id\":\"https:\/\/acrimat.org.br\/portal\/#website\",\"url\":\"https:\/\/acrimat.org.br\/portal\/\",\"name\":\"Acrimat\",\"description\":\"Associa\u00e7\u00e3o dos Criadores de Mato Grosso\",\"publisher\":{\"@id\":\"https:\/\/acrimat.org.br\/portal\/#organization\"},\"potentialAction\":[{\"@type\":\"SearchAction\",\"target\":{\"@type\":\"EntryPoint\",\"urlTemplate\":\"https:\/\/acrimat.org.br\/portal\/?s={search_term_string}\"},\"query-input\":{\"@type\":\"PropertyValueSpecification\",\"valueRequired\":true,\"valueName\":\"search_term_string\"}}],\"inLanguage\":\"pt-BR\"},{\"@type\":\"Organization\",\"@id\":\"https:\/\/acrimat.org.br\/portal\/#organization\",\"name\":\"Associa\u00e7\u00e3o dos Criadores de Mato Grosso\",\"url\":\"https:\/\/acrimat.org.br\/portal\/\",\"logo\":{\"@type\":\"ImageObject\",\"inLanguage\":\"pt-BR\",\"@id\":\"https:\/\/acrimat.org.br\/portal\/#\/schema\/logo\/image\/\",\"url\":\"https:\/\/acrimat.org.br\/portal\/wp-content\/uploads\/2018\/03\/logo-peq-original.png\",\"contentUrl\":\"https:\/\/acrimat.org.br\/portal\/wp-content\/uploads\/2018\/03\/logo-peq-original.png\",\"width\":174,\"height\":171,\"caption\":\"Associa\u00e7\u00e3o dos Criadores de Mato Grosso\"},\"image\":{\"@id\":\"https:\/\/acrimat.org.br\/portal\/#\/schema\/logo\/image\/\"}},{\"@type\":\"Person\",\"@id\":\"https:\/\/acrimat.org.br\/portal\/#\/schema\/person\/a309b9496344ff991e8e1b1d751fdd7b\",\"name\":\"Assessoria de comunica\u00e7\u00e3o ACRIMAT\",\"image\":{\"@type\":\"ImageObject\",\"inLanguage\":\"pt-BR\",\"@id\":\"https:\/\/acrimat.org.br\/portal\/#\/schema\/person\/image\/\",\"url\":\"https:\/\/secure.gravatar.com\/avatar\/2f9c28e64c317bcd762b25cb1575f1b4?s=96&d=mm&r=g\",\"contentUrl\":\"https:\/\/secure.gravatar.com\/avatar\/2f9c28e64c317bcd762b25cb1575f1b4?s=96&d=mm&r=g\",\"caption\":\"Assessoria de comunica\u00e7\u00e3o ACRIMAT\"},\"sameAs\":[\"http:\/\/acrimat.org.br\/\"],\"url\":\"https:\/\/acrimat.org.br\/portal\/author\/ascom\/\"}]}<\/script>\n<!-- \/ Yoast SEO plugin. -->","yoast_head_json":{"title":"UE suspende as compras de 20 frigor\u00edficos brasileiros - Acrimat","robots":{"index":"index","follow":"follow","max-snippet":"max-snippet:-1","max-image-preview":"max-image-preview:large","max-video-preview":"max-video-preview:-1"},"canonical":"https:\/\/acrimat.org.br\/portal\/ue-suspende-as-compras-de-20-frigorificos-brasileiros\/","og_locale":"pt_BR","og_type":"article","og_title":"UE suspende as compras de 20 frigor\u00edficos brasileiros - Acrimat","og_description":"Empresa mais afetada \u00e9 a BRF, que pode ter preju\u00edzo de R$ 1 bi com interrup\u00e7\u00e3o","og_url":"https:\/\/acrimat.org.br\/portal\/ue-suspende-as-compras-de-20-frigorificos-brasileiros\/","og_site_name":"Acrimat","article_published_time":"2018-04-20T12:47:31+00:00","article_modified_time":"2018-04-20T12:49:34+00:00","og_image":[{"width":640,"height":440,"url":"https:\/\/acrimat.org.br\/portal\/wp-content\/uploads\/2018\/01\/frigorifico4.jpg","type":"image\/jpeg"}],"author":"Assessoria de comunica\u00e7\u00e3o ACRIMAT","twitter_card":"summary_large_image","twitter_misc":{"Escrito por":"Assessoria de comunica\u00e7\u00e3o ACRIMAT","Est. tempo de leitura":"4 minutos"},"schema":{"@context":"https:\/\/schema.org","@graph":[{"@type":"Article","@id":"https:\/\/acrimat.org.br\/portal\/ue-suspende-as-compras-de-20-frigorificos-brasileiros\/#article","isPartOf":{"@id":"https:\/\/acrimat.org.br\/portal\/ue-suspende-as-compras-de-20-frigorificos-brasileiros\/"},"author":{"name":"Assessoria de comunica\u00e7\u00e3o ACRIMAT","@id":"https:\/\/acrimat.org.br\/portal\/#\/schema\/person\/a309b9496344ff991e8e1b1d751fdd7b"},"headline":"UE suspende as compras de 20 frigor\u00edficos brasileiros","datePublished":"2018-04-20T12:47:31+00:00","dateModified":"2018-04-20T12:49:34+00:00","mainEntityOfPage":{"@id":"https:\/\/acrimat.org.br\/portal\/ue-suspende-as-compras-de-20-frigorificos-brasileiros\/"},"wordCount":741,"publisher":{"@id":"https:\/\/acrimat.org.br\/portal\/#organization"},"image":{"@id":"https:\/\/acrimat.org.br\/portal\/ue-suspende-as-compras-de-20-frigorificos-brasileiros\/#primaryimage"},"thumbnailUrl":"https:\/\/acrimat.org.br\/portal\/wp-content\/uploads\/2018\/01\/frigorifico4.jpg","articleSection":["Destaques","Not\u00edcias"],"inLanguage":"pt-BR"},{"@type":"WebPage","@id":"https:\/\/acrimat.org.br\/portal\/ue-suspende-as-compras-de-20-frigorificos-brasileiros\/","url":"https:\/\/acrimat.org.br\/portal\/ue-suspende-as-compras-de-20-frigorificos-brasileiros\/","name":"UE suspende as compras de 20 frigor\u00edficos brasileiros - Acrimat","isPartOf":{"@id":"https:\/\/acrimat.org.br\/portal\/#website"},"primaryImageOfPage":{"@id":"https:\/\/acrimat.org.br\/portal\/ue-suspende-as-compras-de-20-frigorificos-brasileiros\/#primaryimage"},"image":{"@id":"https:\/\/acrimat.org.br\/portal\/ue-suspende-as-compras-de-20-frigorificos-brasileiros\/#primaryimage"},"thumbnailUrl":"https:\/\/acrimat.org.br\/portal\/wp-content\/uploads\/2018\/01\/frigorifico4.jpg","datePublished":"2018-04-20T12:47:31+00:00","dateModified":"2018-04-20T12:49:34+00:00","breadcrumb":{"@id":"https:\/\/acrimat.org.br\/portal\/ue-suspende-as-compras-de-20-frigorificos-brasileiros\/#breadcrumb"},"inLanguage":"pt-BR","potentialAction":[{"@type":"ReadAction","target":["https:\/\/acrimat.org.br\/portal\/ue-suspende-as-compras-de-20-frigorificos-brasileiros\/"]}]},{"@type":"ImageObject","inLanguage":"pt-BR","@id":"https:\/\/acrimat.org.br\/portal\/ue-suspende-as-compras-de-20-frigorificos-brasileiros\/#primaryimage","url":"https:\/\/acrimat.org.br\/portal\/wp-content\/uploads\/2018\/01\/frigorifico4.jpg","contentUrl":"https:\/\/acrimat.org.br\/portal\/wp-content\/uploads\/2018\/01\/frigorifico4.jpg","width":640,"height":440},{"@type":"BreadcrumbList","@id":"https:\/\/acrimat.org.br\/portal\/ue-suspende-as-compras-de-20-frigorificos-brasileiros\/#breadcrumb","itemListElement":[{"@type":"ListItem","position":1,"name":"In\u00edcio","item":"https:\/\/acrimat.org.br\/portal\/"},{"@type":"ListItem","position":2,"name":"UE suspende as compras de 20 frigor\u00edficos brasileiros"}]},{"@type":"WebSite","@id":"https:\/\/acrimat.org.br\/portal\/#website","url":"https:\/\/acrimat.org.br\/portal\/","name":"Acrimat","description":"Associa\u00e7\u00e3o dos Criadores de Mato Grosso","publisher":{"@id":"https:\/\/acrimat.org.br\/portal\/#organization"},"potentialAction":[{"@type":"SearchAction","target":{"@type":"EntryPoint","urlTemplate":"https:\/\/acrimat.org.br\/portal\/?s={search_term_string}"},"query-input":{"@type":"PropertyValueSpecification","valueRequired":true,"valueName":"search_term_string"}}],"inLanguage":"pt-BR"},{"@type":"Organization","@id":"https:\/\/acrimat.org.br\/portal\/#organization","name":"Associa\u00e7\u00e3o dos Criadores de Mato Grosso","url":"https:\/\/acrimat.org.br\/portal\/","logo":{"@type":"ImageObject","inLanguage":"pt-BR","@id":"https:\/\/acrimat.org.br\/portal\/#\/schema\/logo\/image\/","url":"https:\/\/acrimat.org.br\/portal\/wp-content\/uploads\/2018\/03\/logo-peq-original.png","contentUrl":"https:\/\/acrimat.org.br\/portal\/wp-content\/uploads\/2018\/03\/logo-peq-original.png","width":174,"height":171,"caption":"Associa\u00e7\u00e3o dos Criadores de Mato Grosso"},"image":{"@id":"https:\/\/acrimat.org.br\/portal\/#\/schema\/logo\/image\/"}},{"@type":"Person","@id":"https:\/\/acrimat.org.br\/portal\/#\/schema\/person\/a309b9496344ff991e8e1b1d751fdd7b","name":"Assessoria de comunica\u00e7\u00e3o ACRIMAT","image":{"@type":"ImageObject","inLanguage":"pt-BR","@id":"https:\/\/acrimat.org.br\/portal\/#\/schema\/person\/image\/","url":"https:\/\/secure.gravatar.com\/avatar\/2f9c28e64c317bcd762b25cb1575f1b4?s=96&d=mm&r=g","contentUrl":"https:\/\/secure.gravatar.com\/avatar\/2f9c28e64c317bcd762b25cb1575f1b4?s=96&d=mm&r=g","caption":"Assessoria de comunica\u00e7\u00e3o ACRIMAT"},"sameAs":["http:\/\/acrimat.org.br\/"],"url":"https:\/\/acrimat.org.br\/portal\/author\/ascom\/"}]}},"_links":{"self":[{"href":"https:\/\/acrimat.org.br\/portal\/wp-json\/wp\/v2\/posts\/97987274","targetHints":{"allow":["GET"]}}],"collection":[{"href":"https:\/\/acrimat.org.br\/portal\/wp-json\/wp\/v2\/posts"}],"about":[{"href":"https:\/\/acrimat.org.br\/portal\/wp-json\/wp\/v2\/types\/post"}],"author":[{"embeddable":true,"href":"https:\/\/acrimat.org.br\/portal\/wp-json\/wp\/v2\/users\/7"}],"replies":[{"embeddable":true,"href":"https:\/\/acrimat.org.br\/portal\/wp-json\/wp\/v2\/comments?post=97987274"}],"version-history":[{"count":1,"href":"https:\/\/acrimat.org.br\/portal\/wp-json\/wp\/v2\/posts\/97987274\/revisions"}],"predecessor-version":[{"id":97987276,"href":"https:\/\/acrimat.org.br\/portal\/wp-json\/wp\/v2\/posts\/97987274\/revisions\/97987276"}],"wp:featuredmedia":[{"embeddable":true,"href":"https:\/\/acrimat.org.br\/portal\/wp-json\/wp\/v2\/media\/97985451"}],"wp:attachment":[{"href":"https:\/\/acrimat.org.br\/portal\/wp-json\/wp\/v2\/media?parent=97987274"}],"wp:term":[{"taxonomy":"category","embeddable":true,"href":"https:\/\/acrimat.org.br\/portal\/wp-json\/wp\/v2\/categories?post=97987274"},{"taxonomy":"post_tag","embeddable":true,"href":"https:\/\/acrimat.org.br\/portal\/wp-json\/wp\/v2\/tags?post=97987274"}],"curies":[{"name":"wp","href":"https:\/\/api.w.org\/{rel}","templated":true}]}}