{"id":97987611,"date":"2018-05-09T09:51:47","date_gmt":"2018-05-09T12:51:47","guid":{"rendered":"http:\/\/acrimat.org.br\/portal\/?p=97987611"},"modified":"2018-05-09T09:51:47","modified_gmt":"2018-05-09T12:51:47","slug":"contratacoes-de-credito-crescem-85-nesta-safra","status":"publish","type":"post","link":"https:\/\/acrimat.org.br\/portal\/contratacoes-de-credito-crescem-85-nesta-safra\/","title":{"rendered":"Contrata\u00e7\u00f5es de cr\u00e9dito crescem 8,5% nesta safra"},"content":{"rendered":"<p>Os produtores rurais contrataram R$ 1,68 bilh\u00e3o em cr\u00e9dito nas cooperativas do Sicredi em Mato Grosso, Rond\u00f4nia, Par\u00e1 e Acre nos primeiros sete meses da safra 2017\/18, que compreende o per\u00edodo de julho de 2017 a janeiro de 2018. O volume \u00e9 8,5% maior que o contabilizado no mesmo per\u00edodo da temporada 2016\/2017, que somou R$ 1,55 bilh\u00e3o. Tamb\u00e9m j\u00e1 supera o montante contratado durante todo o ciclo passado, que totalizou R$ 1,6 bilh\u00e3o.<\/p>\n<p>Os recursos contratados foram destinados ao custeio, investimento e comercializa\u00e7\u00e3o da safra. Ao todo, foram registradas 7.675 mil opera\u00e7\u00f5es, feitas por pequenos, m\u00e9dios e grandes produtores rurais.<\/p>\n<p>O presidente da Central Sicredi Centro Norte, Jo\u00e3o Spenthof, lembra que nesta safra o Sicredi disponibiliza um total de R$ 2,3 bilh\u00f5es em cr\u00e9dito rural na regi\u00e3o, um aumento de 47,6% sobre o or\u00e7amento da safra anterior (R$ 1,6 bilh\u00e3o).<\/p>\n<p>\u201cVale destacar que as contrata\u00e7\u00f5es realizadas nesses sete meses da safra 2017\/18 superam o total registrado em todo o ciclo 2016\/17. Isso mostra o tamanho do compromisso do Sicredi com a atividade agropecu\u00e1ria e com o crescimento dos nossos associados\u201d, afirma o presidente, destacando que os produtores podem contar com a institui\u00e7\u00e3o financeira cooperativa como grande parceira da atividade, que a cada ano trabalha para ampliar o or\u00e7amento, considerando os recursos pr\u00f3prios e oficiais, oriundos por exemplo, do Banco Nacional de Desenvolvimento Econ\u00f4mico e Social (BNDES) e do Fundo Constitucional de Financiamento do Centro-Oeste (FCO).<\/p>\n<p>Conforme os dados do Sicredi na regi\u00e3o Centro Norte, o valor liberado de julho de 2017 a janeiro de 2018 corresponde a 73% do or\u00e7amento total para esta safra. Do montante emprestado at\u00e9 agora (R$ 1,68 bilh\u00e3o), 78,2% foram destinados ao custeio da safra, que somou R$ 1,31 bilh\u00e3o. Na compara\u00e7\u00e3o com o volume liberado para esta finalidade em igual intervalo da safra anterior, quando contabilizou R$ 1,18 bilh\u00e3o, houve crescimento de 11%. As opera\u00e7\u00f5es de investimento somaram R$ 334,862 milh\u00f5es (-5,6%) e as de comercializa\u00e7\u00e3o totalizaram R$ 31,456 milh\u00f5es (+203%).<\/p>\n<p>SEGMENTOS &#8211; Do total de cr\u00e9dito rural liberado nos primeiros sete meses da safra 2017\/18, cerca de R$ 1,54 bilh\u00e3o, ou 91,6%, foram contratados pela agricultura empresarial, que s\u00e3o os m\u00e9dios e grandes produtores. Na compara\u00e7\u00e3o com a safra anterior, quando os empr\u00e9stimos somaram R$ 1,42 bilh\u00e3o, o aumento \u00e9 de 8%. Os agricultores familiares contrataram R$ 140,19 milh\u00f5es nesta temporada, incremento de 15,8% sobre os R$ 120,99 milh\u00f5es apurados no mesmo per\u00edodo da safra 2016\/17.<\/p>\n<p>Ademir Triches, 48, \u00e9 produtor em Nova Mutum e trabalha com hortifr\u00fati, no cultivo de hortali\u00e7as e frutas como melancia e lim\u00e3o. Est\u00e1 na atividade h\u00e1 15 anos e atualmente planta 17 hectares. Anos atr\u00e1s fornecia a produ\u00e7\u00e3o para revendas em Cuiab\u00e1, mas como a log\u00edstica \u00e9 um entrave para o escoamento da produ\u00e7\u00e3o, n\u00e3o s\u00f3 de hortifr\u00fati como de gr\u00e3os, teve que suspender devido ao custo elevado.<\/p>\n<p>Para compensar a perda do mercado cuiabano, o produtor investiu no ano passado na constru\u00e7\u00e3o de um espa\u00e7o para vender os produtos. \u00c9 uma esp\u00e9cie de quitanda, instalada na rodovia MT-335 &#8211; que liga Santa Rita do Trivelato ao Distrito de Ranch\u00e3o &#8211; onde h\u00e1 um bom tr\u00e1fego de ve\u00edculos e a clientela aumenta a cada semana. Emprestou R$ 100 mil da cooperativa de cr\u00e9dito, com pagamento em 48 meses, sendo cinco meses de car\u00eancia. \u201cEspero obter o retorno do investimento em quatro anos\u201d, prev\u00ea.<\/p>\n<p>J\u00e1 o criador de bovinos de Nova Lacerda, Valmir Luiz Moretto, investiu no melhoramento do rebanho e na compra de animais. \u00c9 associado do Sicredi h\u00e1 bastante tempo e recorre \u00e0 cooperativa quando precisa investir no rebanho, atualmente formado por tr\u00eas mil cabe\u00e7as. O mais recente aporte na produ\u00e7\u00e3o somou R$ 1 milh\u00e3o. \u201cCom os empr\u00e9stimos feitos no Sicredi para investimentos adquiri touros registrados e matrizes melhoradas para ter filhotes que ganhem mais peso em menos tempo\u201d, diz ao destacar que esse investimento refletir\u00e1 no pre\u00e7o pago pelo frigor\u00edfico na compra de animais. \u201cComo s\u00e3o animais melhorados, o pre\u00e7o deles ser\u00e1 maior\u201d.<\/p>\n<p>Conforme a consultora de Neg\u00f3cios Agro da Central Sicredi Centro Norte, Cristieny Paiva, a tend\u00eancia \u00e9 que a institui\u00e7\u00e3o financeira cooperativa continue crescendo tanto no saldo da carteira e cr\u00e9dito rural quanto no volume liberado aos produtores na \u00e1rea de atua\u00e7\u00e3o (Mato Grosso, Rond\u00f4nia, Par\u00e1 e Acre). \u201cA inten\u00e7\u00e3o \u00e9 crescermos no m\u00ednimo 13% no saldo. Temos cooperativas que v\u00eam dobrando o volume liberado a cada ano e parte desse crescimento \u00e9 atribu\u00edda ao relacionamento mais pr\u00f3ximo e ativo do Sicredi com os associados\u201d. (MP)<\/p>\n","protected":false},"excerpt":{"rendered":"<p>Os produtores rurais contrataram R$ 1,68 bilh\u00e3o em cr\u00e9dito nas cooperativas do Sicredi em Mato Grosso, Rond\u00f4nia, Par\u00e1 e Acre nos primeiros sete meses da safra 2017\/18, que compreende o per\u00edodo de julho de 2017 a janeiro de 2018.<\/p>\n","protected":false},"author":7,"featured_media":97985175,"comment_status":"closed","ping_status":"closed","sticky":false,"template":"","format":"standard","meta":{"footnotes":""},"categories":[6,1],"tags":[],"class_list":["post-97987611","post","type-post","status-publish","format-standard","has-post-thumbnail","hentry","category-destaque","category-noticia"],"yoast_head":"<!-- This site is optimized with the Yoast SEO plugin v24.8.1 - https:\/\/yoast.com\/wordpress\/plugins\/seo\/ -->\n<title>Contrata\u00e7\u00f5es de cr\u00e9dito crescem 8,5% nesta safra - Acrimat<\/title>\n<meta name=\"robots\" content=\"index, follow, max-snippet:-1, max-image-preview:large, max-video-preview:-1\" \/>\n<link rel=\"canonical\" href=\"https:\/\/acrimat.org.br\/portal\/contratacoes-de-credito-crescem-85-nesta-safra\/\" \/>\n<meta property=\"og:locale\" content=\"pt_BR\" \/>\n<meta property=\"og:type\" content=\"article\" \/>\n<meta property=\"og:title\" content=\"Contrata\u00e7\u00f5es de cr\u00e9dito crescem 8,5% nesta safra - Acrimat\" \/>\n<meta property=\"og:description\" content=\"Os produtores rurais contrataram R$ 1,68 bilh\u00e3o em cr\u00e9dito nas cooperativas do Sicredi em Mato Grosso, Rond\u00f4nia, Par\u00e1 e Acre nos primeiros sete meses da safra 2017\/18, que compreende o per\u00edodo de julho de 2017 a janeiro de 2018.\" \/>\n<meta property=\"og:url\" content=\"https:\/\/acrimat.org.br\/portal\/contratacoes-de-credito-crescem-85-nesta-safra\/\" \/>\n<meta property=\"og:site_name\" content=\"Acrimat\" \/>\n<meta property=\"article:published_time\" content=\"2018-05-09T12:51:47+00:00\" \/>\n<meta property=\"og:image\" content=\"https:\/\/acrimat.org.br\/portal\/wp-content\/uploads\/2017\/12\/agric_money1.jpg\" \/>\n\t<meta property=\"og:image:width\" content=\"500\" \/>\n\t<meta property=\"og:image:height\" content=\"341\" \/>\n\t<meta property=\"og:image:type\" content=\"image\/jpeg\" \/>\n<meta name=\"author\" content=\"Assessoria de comunica\u00e7\u00e3o ACRIMAT\" \/>\n<meta name=\"twitter:card\" content=\"summary_large_image\" \/>\n<meta name=\"twitter:label1\" content=\"Escrito por\" \/>\n\t<meta name=\"twitter:data1\" content=\"Assessoria de comunica\u00e7\u00e3o ACRIMAT\" \/>\n\t<meta name=\"twitter:label2\" content=\"Est. tempo de leitura\" \/>\n\t<meta name=\"twitter:data2\" content=\"4 minutos\" \/>\n<script type=\"application\/ld+json\" class=\"yoast-schema-graph\">{\"@context\":\"https:\/\/schema.org\",\"@graph\":[{\"@type\":\"Article\",\"@id\":\"https:\/\/acrimat.org.br\/portal\/contratacoes-de-credito-crescem-85-nesta-safra\/#article\",\"isPartOf\":{\"@id\":\"https:\/\/acrimat.org.br\/portal\/contratacoes-de-credito-crescem-85-nesta-safra\/\"},\"author\":{\"name\":\"Assessoria de comunica\u00e7\u00e3o ACRIMAT\",\"@id\":\"https:\/\/acrimat.org.br\/portal\/#\/schema\/person\/a309b9496344ff991e8e1b1d751fdd7b\"},\"headline\":\"Contrata\u00e7\u00f5es de cr\u00e9dito crescem 8,5% nesta safra\",\"datePublished\":\"2018-05-09T12:51:47+00:00\",\"mainEntityOfPage\":{\"@id\":\"https:\/\/acrimat.org.br\/portal\/contratacoes-de-credito-crescem-85-nesta-safra\/\"},\"wordCount\":781,\"publisher\":{\"@id\":\"https:\/\/acrimat.org.br\/portal\/#organization\"},\"image\":{\"@id\":\"https:\/\/acrimat.org.br\/portal\/contratacoes-de-credito-crescem-85-nesta-safra\/#primaryimage\"},\"thumbnailUrl\":\"https:\/\/acrimat.org.br\/portal\/wp-content\/uploads\/2017\/12\/agric_money1.jpg\",\"articleSection\":[\"Destaques\",\"Not\u00edcias\"],\"inLanguage\":\"pt-BR\"},{\"@type\":\"WebPage\",\"@id\":\"https:\/\/acrimat.org.br\/portal\/contratacoes-de-credito-crescem-85-nesta-safra\/\",\"url\":\"https:\/\/acrimat.org.br\/portal\/contratacoes-de-credito-crescem-85-nesta-safra\/\",\"name\":\"Contrata\u00e7\u00f5es de cr\u00e9dito crescem 8,5% nesta safra - Acrimat\",\"isPartOf\":{\"@id\":\"https:\/\/acrimat.org.br\/portal\/#website\"},\"primaryImageOfPage\":{\"@id\":\"https:\/\/acrimat.org.br\/portal\/contratacoes-de-credito-crescem-85-nesta-safra\/#primaryimage\"},\"image\":{\"@id\":\"https:\/\/acrimat.org.br\/portal\/contratacoes-de-credito-crescem-85-nesta-safra\/#primaryimage\"},\"thumbnailUrl\":\"https:\/\/acrimat.org.br\/portal\/wp-content\/uploads\/2017\/12\/agric_money1.jpg\",\"datePublished\":\"2018-05-09T12:51:47+00:00\",\"breadcrumb\":{\"@id\":\"https:\/\/acrimat.org.br\/portal\/contratacoes-de-credito-crescem-85-nesta-safra\/#breadcrumb\"},\"inLanguage\":\"pt-BR\",\"potentialAction\":[{\"@type\":\"ReadAction\",\"target\":[\"https:\/\/acrimat.org.br\/portal\/contratacoes-de-credito-crescem-85-nesta-safra\/\"]}]},{\"@type\":\"ImageObject\",\"inLanguage\":\"pt-BR\",\"@id\":\"https:\/\/acrimat.org.br\/portal\/contratacoes-de-credito-crescem-85-nesta-safra\/#primaryimage\",\"url\":\"https:\/\/acrimat.org.br\/portal\/wp-content\/uploads\/2017\/12\/agric_money1.jpg\",\"contentUrl\":\"https:\/\/acrimat.org.br\/portal\/wp-content\/uploads\/2017\/12\/agric_money1.jpg\",\"width\":500,\"height\":341},{\"@type\":\"BreadcrumbList\",\"@id\":\"https:\/\/acrimat.org.br\/portal\/contratacoes-de-credito-crescem-85-nesta-safra\/#breadcrumb\",\"itemListElement\":[{\"@type\":\"ListItem\",\"position\":1,\"name\":\"In\u00edcio\",\"item\":\"https:\/\/acrimat.org.br\/portal\/\"},{\"@type\":\"ListItem\",\"position\":2,\"name\":\"Contrata\u00e7\u00f5es de cr\u00e9dito crescem 8,5% nesta safra\"}]},{\"@type\":\"WebSite\",\"@id\":\"https:\/\/acrimat.org.br\/portal\/#website\",\"url\":\"https:\/\/acrimat.org.br\/portal\/\",\"name\":\"Acrimat\",\"description\":\"Associa\u00e7\u00e3o dos Criadores de Mato Grosso\",\"publisher\":{\"@id\":\"https:\/\/acrimat.org.br\/portal\/#organization\"},\"potentialAction\":[{\"@type\":\"SearchAction\",\"target\":{\"@type\":\"EntryPoint\",\"urlTemplate\":\"https:\/\/acrimat.org.br\/portal\/?s={search_term_string}\"},\"query-input\":{\"@type\":\"PropertyValueSpecification\",\"valueRequired\":true,\"valueName\":\"search_term_string\"}}],\"inLanguage\":\"pt-BR\"},{\"@type\":\"Organization\",\"@id\":\"https:\/\/acrimat.org.br\/portal\/#organization\",\"name\":\"Associa\u00e7\u00e3o dos Criadores de Mato Grosso\",\"url\":\"https:\/\/acrimat.org.br\/portal\/\",\"logo\":{\"@type\":\"ImageObject\",\"inLanguage\":\"pt-BR\",\"@id\":\"https:\/\/acrimat.org.br\/portal\/#\/schema\/logo\/image\/\",\"url\":\"https:\/\/acrimat.org.br\/portal\/wp-content\/uploads\/2018\/03\/logo-peq-original.png\",\"contentUrl\":\"https:\/\/acrimat.org.br\/portal\/wp-content\/uploads\/2018\/03\/logo-peq-original.png\",\"width\":174,\"height\":171,\"caption\":\"Associa\u00e7\u00e3o dos Criadores de Mato Grosso\"},\"image\":{\"@id\":\"https:\/\/acrimat.org.br\/portal\/#\/schema\/logo\/image\/\"}},{\"@type\":\"Person\",\"@id\":\"https:\/\/acrimat.org.br\/portal\/#\/schema\/person\/a309b9496344ff991e8e1b1d751fdd7b\",\"name\":\"Assessoria de comunica\u00e7\u00e3o ACRIMAT\",\"image\":{\"@type\":\"ImageObject\",\"inLanguage\":\"pt-BR\",\"@id\":\"https:\/\/acrimat.org.br\/portal\/#\/schema\/person\/image\/\",\"url\":\"https:\/\/secure.gravatar.com\/avatar\/2f9c28e64c317bcd762b25cb1575f1b4?s=96&d=mm&r=g\",\"contentUrl\":\"https:\/\/secure.gravatar.com\/avatar\/2f9c28e64c317bcd762b25cb1575f1b4?s=96&d=mm&r=g\",\"caption\":\"Assessoria de comunica\u00e7\u00e3o ACRIMAT\"},\"sameAs\":[\"http:\/\/acrimat.org.br\/\"],\"url\":\"https:\/\/acrimat.org.br\/portal\/author\/ascom\/\"}]}<\/script>\n<!-- \/ Yoast SEO plugin. -->","yoast_head_json":{"title":"Contrata\u00e7\u00f5es de cr\u00e9dito crescem 8,5% nesta safra - Acrimat","robots":{"index":"index","follow":"follow","max-snippet":"max-snippet:-1","max-image-preview":"max-image-preview:large","max-video-preview":"max-video-preview:-1"},"canonical":"https:\/\/acrimat.org.br\/portal\/contratacoes-de-credito-crescem-85-nesta-safra\/","og_locale":"pt_BR","og_type":"article","og_title":"Contrata\u00e7\u00f5es de cr\u00e9dito crescem 8,5% nesta safra - Acrimat","og_description":"Os produtores rurais contrataram R$ 1,68 bilh\u00e3o em cr\u00e9dito nas cooperativas do Sicredi em Mato Grosso, Rond\u00f4nia, Par\u00e1 e Acre nos primeiros sete meses da safra 2017\/18, que compreende o per\u00edodo de julho de 2017 a janeiro de 2018.","og_url":"https:\/\/acrimat.org.br\/portal\/contratacoes-de-credito-crescem-85-nesta-safra\/","og_site_name":"Acrimat","article_published_time":"2018-05-09T12:51:47+00:00","og_image":[{"width":500,"height":341,"url":"https:\/\/acrimat.org.br\/portal\/wp-content\/uploads\/2017\/12\/agric_money1.jpg","type":"image\/jpeg"}],"author":"Assessoria de comunica\u00e7\u00e3o ACRIMAT","twitter_card":"summary_large_image","twitter_misc":{"Escrito por":"Assessoria de comunica\u00e7\u00e3o ACRIMAT","Est. tempo de leitura":"4 minutos"},"schema":{"@context":"https:\/\/schema.org","@graph":[{"@type":"Article","@id":"https:\/\/acrimat.org.br\/portal\/contratacoes-de-credito-crescem-85-nesta-safra\/#article","isPartOf":{"@id":"https:\/\/acrimat.org.br\/portal\/contratacoes-de-credito-crescem-85-nesta-safra\/"},"author":{"name":"Assessoria de comunica\u00e7\u00e3o ACRIMAT","@id":"https:\/\/acrimat.org.br\/portal\/#\/schema\/person\/a309b9496344ff991e8e1b1d751fdd7b"},"headline":"Contrata\u00e7\u00f5es de cr\u00e9dito crescem 8,5% nesta safra","datePublished":"2018-05-09T12:51:47+00:00","mainEntityOfPage":{"@id":"https:\/\/acrimat.org.br\/portal\/contratacoes-de-credito-crescem-85-nesta-safra\/"},"wordCount":781,"publisher":{"@id":"https:\/\/acrimat.org.br\/portal\/#organization"},"image":{"@id":"https:\/\/acrimat.org.br\/portal\/contratacoes-de-credito-crescem-85-nesta-safra\/#primaryimage"},"thumbnailUrl":"https:\/\/acrimat.org.br\/portal\/wp-content\/uploads\/2017\/12\/agric_money1.jpg","articleSection":["Destaques","Not\u00edcias"],"inLanguage":"pt-BR"},{"@type":"WebPage","@id":"https:\/\/acrimat.org.br\/portal\/contratacoes-de-credito-crescem-85-nesta-safra\/","url":"https:\/\/acrimat.org.br\/portal\/contratacoes-de-credito-crescem-85-nesta-safra\/","name":"Contrata\u00e7\u00f5es de cr\u00e9dito crescem 8,5% nesta safra - Acrimat","isPartOf":{"@id":"https:\/\/acrimat.org.br\/portal\/#website"},"primaryImageOfPage":{"@id":"https:\/\/acrimat.org.br\/portal\/contratacoes-de-credito-crescem-85-nesta-safra\/#primaryimage"},"image":{"@id":"https:\/\/acrimat.org.br\/portal\/contratacoes-de-credito-crescem-85-nesta-safra\/#primaryimage"},"thumbnailUrl":"https:\/\/acrimat.org.br\/portal\/wp-content\/uploads\/2017\/12\/agric_money1.jpg","datePublished":"2018-05-09T12:51:47+00:00","breadcrumb":{"@id":"https:\/\/acrimat.org.br\/portal\/contratacoes-de-credito-crescem-85-nesta-safra\/#breadcrumb"},"inLanguage":"pt-BR","potentialAction":[{"@type":"ReadAction","target":["https:\/\/acrimat.org.br\/portal\/contratacoes-de-credito-crescem-85-nesta-safra\/"]}]},{"@type":"ImageObject","inLanguage":"pt-BR","@id":"https:\/\/acrimat.org.br\/portal\/contratacoes-de-credito-crescem-85-nesta-safra\/#primaryimage","url":"https:\/\/acrimat.org.br\/portal\/wp-content\/uploads\/2017\/12\/agric_money1.jpg","contentUrl":"https:\/\/acrimat.org.br\/portal\/wp-content\/uploads\/2017\/12\/agric_money1.jpg","width":500,"height":341},{"@type":"BreadcrumbList","@id":"https:\/\/acrimat.org.br\/portal\/contratacoes-de-credito-crescem-85-nesta-safra\/#breadcrumb","itemListElement":[{"@type":"ListItem","position":1,"name":"In\u00edcio","item":"https:\/\/acrimat.org.br\/portal\/"},{"@type":"ListItem","position":2,"name":"Contrata\u00e7\u00f5es de cr\u00e9dito crescem 8,5% nesta safra"}]},{"@type":"WebSite","@id":"https:\/\/acrimat.org.br\/portal\/#website","url":"https:\/\/acrimat.org.br\/portal\/","name":"Acrimat","description":"Associa\u00e7\u00e3o dos Criadores de Mato Grosso","publisher":{"@id":"https:\/\/acrimat.org.br\/portal\/#organization"},"potentialAction":[{"@type":"SearchAction","target":{"@type":"EntryPoint","urlTemplate":"https:\/\/acrimat.org.br\/portal\/?s={search_term_string}"},"query-input":{"@type":"PropertyValueSpecification","valueRequired":true,"valueName":"search_term_string"}}],"inLanguage":"pt-BR"},{"@type":"Organization","@id":"https:\/\/acrimat.org.br\/portal\/#organization","name":"Associa\u00e7\u00e3o dos Criadores de Mato Grosso","url":"https:\/\/acrimat.org.br\/portal\/","logo":{"@type":"ImageObject","inLanguage":"pt-BR","@id":"https:\/\/acrimat.org.br\/portal\/#\/schema\/logo\/image\/","url":"https:\/\/acrimat.org.br\/portal\/wp-content\/uploads\/2018\/03\/logo-peq-original.png","contentUrl":"https:\/\/acrimat.org.br\/portal\/wp-content\/uploads\/2018\/03\/logo-peq-original.png","width":174,"height":171,"caption":"Associa\u00e7\u00e3o dos Criadores de Mato Grosso"},"image":{"@id":"https:\/\/acrimat.org.br\/portal\/#\/schema\/logo\/image\/"}},{"@type":"Person","@id":"https:\/\/acrimat.org.br\/portal\/#\/schema\/person\/a309b9496344ff991e8e1b1d751fdd7b","name":"Assessoria de comunica\u00e7\u00e3o ACRIMAT","image":{"@type":"ImageObject","inLanguage":"pt-BR","@id":"https:\/\/acrimat.org.br\/portal\/#\/schema\/person\/image\/","url":"https:\/\/secure.gravatar.com\/avatar\/2f9c28e64c317bcd762b25cb1575f1b4?s=96&d=mm&r=g","contentUrl":"https:\/\/secure.gravatar.com\/avatar\/2f9c28e64c317bcd762b25cb1575f1b4?s=96&d=mm&r=g","caption":"Assessoria de comunica\u00e7\u00e3o ACRIMAT"},"sameAs":["http:\/\/acrimat.org.br\/"],"url":"https:\/\/acrimat.org.br\/portal\/author\/ascom\/"}]}},"_links":{"self":[{"href":"https:\/\/acrimat.org.br\/portal\/wp-json\/wp\/v2\/posts\/97987611","targetHints":{"allow":["GET"]}}],"collection":[{"href":"https:\/\/acrimat.org.br\/portal\/wp-json\/wp\/v2\/posts"}],"about":[{"href":"https:\/\/acrimat.org.br\/portal\/wp-json\/wp\/v2\/types\/post"}],"author":[{"embeddable":true,"href":"https:\/\/acrimat.org.br\/portal\/wp-json\/wp\/v2\/users\/7"}],"replies":[{"embeddable":true,"href":"https:\/\/acrimat.org.br\/portal\/wp-json\/wp\/v2\/comments?post=97987611"}],"version-history":[{"count":1,"href":"https:\/\/acrimat.org.br\/portal\/wp-json\/wp\/v2\/posts\/97987611\/revisions"}],"predecessor-version":[{"id":97987612,"href":"https:\/\/acrimat.org.br\/portal\/wp-json\/wp\/v2\/posts\/97987611\/revisions\/97987612"}],"wp:featuredmedia":[{"embeddable":true,"href":"https:\/\/acrimat.org.br\/portal\/wp-json\/wp\/v2\/media\/97985175"}],"wp:attachment":[{"href":"https:\/\/acrimat.org.br\/portal\/wp-json\/wp\/v2\/media?parent=97987611"}],"wp:term":[{"taxonomy":"category","embeddable":true,"href":"https:\/\/acrimat.org.br\/portal\/wp-json\/wp\/v2\/categories?post=97987611"},{"taxonomy":"post_tag","embeddable":true,"href":"https:\/\/acrimat.org.br\/portal\/wp-json\/wp\/v2\/tags?post=97987611"}],"curies":[{"name":"wp","href":"https:\/\/api.w.org\/{rel}","templated":true}]}}