{"id":98011426,"date":"2026-09-04T10:14:17","date_gmt":"2026-09-04T14:14:17","guid":{"rendered":"https:\/\/acrimat.org.br\/portal\/?p=98011426"},"modified":"2026-09-04T10:14:28","modified_gmt":"2026-09-04T14:14:28","slug":"acrimat-participa-de-dialogo-com-candidatos-ao-governo-de-mt-e-contribui-com-propostas-do-setor-agropecuario","status":"publish","type":"post","link":"https:\/\/acrimat.org.br\/portal\/acrimat-participa-de-dialogo-com-candidatos-ao-governo-de-mt-e-contribui-com-propostas-do-setor-agropecuario\/","title":{"rendered":"Acrimat participa de di\u00e1logo com candidatos ao Governo de MT e contribui com propostas do setor agropecu\u00e1rio"},"content":{"rendered":"\n<p>A Associa\u00e7\u00e3o dos Criadores de Mato Grosso (Acrimat) participou do di\u00e1logo com os candidatos ao Governo de Mato Grosso Dra. Natasha, Otaviano Pivetta e Wellington Fagundes, promovido pela Alian\u00e7a do Setor Produtivo de Mato Grosso, formada pela Federa\u00e7\u00e3o da Agricultura e Pecu\u00e1ria de Mato Grosso (Famato), Federa\u00e7\u00e3o do Com\u00e9rcio de Bens, Servi\u00e7os e Turismo do Estado de Mato Grosso (Fecom\u00e9rcio-MT) e Federa\u00e7\u00e3o das Ind\u00fastrias no Estado de Mato Grosso (Fiemt). A entidade foi representada pelo presidente Nando Conte, pelo diretor t\u00e9cnico Francisco Manzi, pela diretora Eloisa El Hage e pelo advogado Armando Candia.<br>O encontro reuniu representantes do setor produtivo e os candidatos ao Governo do Estado para tratar de temas estrat\u00e9gicos para o desenvolvimento de Mato Grosso. A participa\u00e7\u00e3o da Acrimat refor\u00e7ou a atua\u00e7\u00e3o da entidade na defesa dos interesses da pecu\u00e1ria mato-grossense e na constru\u00e7\u00e3o de um di\u00e1logo permanente entre o setor agropecu\u00e1rio e o poder p\u00fablico.<br>Durante o encontro, os candidatos apresentaram suas vis\u00f5es e propostas para diferentes \u00e1reas de interesse do Estado, enquanto as entidades do setor produtivo tiveram a oportunidade de apresentar demandas, prioridades e expectativas para a pr\u00f3xima gest\u00e3o estadual.<br>Como parte da agenda, o F\u00f3rum Agro MT entregou aos tr\u00eas candidatos um documento com os principais eixos de atua\u00e7\u00e3o, demandas e necessidades do setor agropecu\u00e1rio. A elabora\u00e7\u00e3o do material contou com as contribui\u00e7\u00f5es da Acrimat, que participou da constru\u00e7\u00e3o das propostas apresentadas pelo F\u00f3rum.<br>O documento re\u00fane uma vis\u00e3o conjunta das entidades do setor produtivo sobre os principais desafios e oportunidades para Mato Grosso e busca contribuir para a constru\u00e7\u00e3o de um projeto de Estado de longo prazo, com pol\u00edticas p\u00fablicas voltadas ao desenvolvimento da agropecu\u00e1ria, da agroind\u00fastria e da economia mato-grossense.<br>Entre os eixos apresentados est\u00e3o estrutura\u00e7\u00e3o administrativa, quest\u00f5es tribut\u00e1rias e fiscais, meio ambiente, estrutura e log\u00edstica, educa\u00e7\u00e3o e trabalho, seguran\u00e7a p\u00fablica, defesa sanit\u00e1ria e desenvolvimento.<br>As propostas buscam contribuir para o crescimento da produ\u00e7\u00e3o, a gera\u00e7\u00e3o de empregos e renda, a melhoria da infraestrutura e a cria\u00e7\u00e3o de um ambiente com maior seguran\u00e7a e previsibilidade para quem produz e investe em Mato Grosso. O documento tamb\u00e9m destaca a import\u00e2ncia da continuidade de pol\u00edticas p\u00fablicas estrat\u00e9gicas entre diferentes governos, favorecendo o planejamento e os investimentos de longo prazo.<br>Para a Acrimat, a participa\u00e7\u00e3o no di\u00e1logo com os candidatos e, especialmente, a contribui\u00e7\u00e3o na constru\u00e7\u00e3o do documento do F\u00f3rum Agro refor\u00e7am o compromisso da entidade com a representatividade da pecu\u00e1ria mato-grossense e com a formula\u00e7\u00e3o de propostas que atendam \u00e0s demandas do setor e contribuam para o desenvolvimento sustent\u00e1vel e a competitividade de Mato Grosso.<\/p>\n\n\n\n<figure class=\"wp-block-image size-large is-resized\"><a href=\"https:\/\/acrimat.org.br\/portal\/wp-content\/uploads\/2026\/09\/whatsapp-image-2026-09-04-at-10-.jpeg\"><img fetchpriority=\"high\" decoding=\"async\" width=\"1024\" height=\"768\" src=\"https:\/\/acrimat.org.br\/portal\/wp-content\/uploads\/2026\/09\/whatsapp-image-2026-09-04-at-10--1024x768.jpeg\" alt=\"\" class=\"wp-image-98011427\" style=\"width:676px;height:auto\" srcset=\"https:\/\/acrimat.org.br\/portal\/wp-content\/uploads\/2026\/09\/whatsapp-image-2026-09-04-at-10--1024x768.jpeg 1024w, https:\/\/acrimat.org.br\/portal\/wp-content\/uploads\/2026\/09\/whatsapp-image-2026-09-04-at-10--300x225.jpeg 300w, https:\/\/acrimat.org.br\/portal\/wp-content\/uploads\/2026\/09\/whatsapp-image-2026-09-04-at-10--768x576.jpeg 768w, https:\/\/acrimat.org.br\/portal\/wp-content\/uploads\/2026\/09\/whatsapp-image-2026-09-04-at-10--1536x1152.jpeg 1536w, https:\/\/acrimat.org.br\/portal\/wp-content\/uploads\/2026\/09\/whatsapp-image-2026-09-04-at-10-.jpeg 1600w\" sizes=\"(max-width: 1024px) 100vw, 1024px\" \/><\/a><\/figure>\n\n\n\n<figure class=\"wp-block-image size-large is-resized\"><a href=\"https:\/\/acrimat.org.br\/portal\/wp-content\/uploads\/2026\/09\/whatsapp-image-2026-09-04-at-10-1-1.jpeg\"><img decoding=\"async\" width=\"1024\" height=\"768\" src=\"https:\/\/acrimat.org.br\/portal\/wp-content\/uploads\/2026\/09\/whatsapp-image-2026-09-04-at-10-1-1-1024x768.jpeg\" alt=\"\" class=\"wp-image-98011428\" style=\"width:672px;height:auto\" srcset=\"https:\/\/acrimat.org.br\/portal\/wp-content\/uploads\/2026\/09\/whatsapp-image-2026-09-04-at-10-1-1-1024x768.jpeg 1024w, https:\/\/acrimat.org.br\/portal\/wp-content\/uploads\/2026\/09\/whatsapp-image-2026-09-04-at-10-1-1-300x225.jpeg 300w, https:\/\/acrimat.org.br\/portal\/wp-content\/uploads\/2026\/09\/whatsapp-image-2026-09-04-at-10-1-1-768x576.jpeg 768w, https:\/\/acrimat.org.br\/portal\/wp-content\/uploads\/2026\/09\/whatsapp-image-2026-09-04-at-10-1-1-1536x1152.jpeg 1536w, https:\/\/acrimat.org.br\/portal\/wp-content\/uploads\/2026\/09\/whatsapp-image-2026-09-04-at-10-1-1.jpeg 1600w\" sizes=\"(max-width: 1024px) 100vw, 1024px\" \/><\/a><\/figure>\n\n\n\n<figure class=\"wp-block-image size-large is-resized\"><a href=\"https:\/\/acrimat.org.br\/portal\/wp-content\/uploads\/2026\/09\/whatsapp-image-2026-09-04-at-10-1-2.jpeg\"><img decoding=\"async\" width=\"1024\" height=\"768\" src=\"https:\/\/acrimat.org.br\/portal\/wp-content\/uploads\/2026\/09\/whatsapp-image-2026-09-04-at-10-1-2-1024x768.jpeg\" alt=\"\" class=\"wp-image-98011429\" style=\"width:669px;height:auto\" srcset=\"https:\/\/acrimat.org.br\/portal\/wp-content\/uploads\/2026\/09\/whatsapp-image-2026-09-04-at-10-1-2-1024x768.jpeg 1024w, https:\/\/acrimat.org.br\/portal\/wp-content\/uploads\/2026\/09\/whatsapp-image-2026-09-04-at-10-1-2-300x225.jpeg 300w, https:\/\/acrimat.org.br\/portal\/wp-content\/uploads\/2026\/09\/whatsapp-image-2026-09-04-at-10-1-2-768x576.jpeg 768w, https:\/\/acrimat.org.br\/portal\/wp-content\/uploads\/2026\/09\/whatsapp-image-2026-09-04-at-10-1-2-1536x1152.jpeg 1536w, https:\/\/acrimat.org.br\/portal\/wp-content\/uploads\/2026\/09\/whatsapp-image-2026-09-04-at-10-1-2.jpeg 1600w\" sizes=\"(max-width: 1024px) 100vw, 1024px\" \/><\/a><\/figure>\n","protected":false},"excerpt":{"rendered":"<p>A Associa\u00e7\u00e3o dos Criadores de Mato Grosso (Acrimat) participou do di\u00e1logo com os candidatos ao Governo de Mato Grosso Dra. Natasha, Otaviano Pivetta e Wellington Fagundes, promovido pela Alian\u00e7a do Setor Produtivo de Mato Grosso, formada pela Federa\u00e7\u00e3o da Agricultura e Pecu\u00e1ria de Mato Grosso (Famato), Federa\u00e7\u00e3o do Com\u00e9rcio de Bens, Servi\u00e7os e Turismo do [&hellip;]<\/p>\n","protected":false},"author":7,"featured_media":98011430,"comment_status":"closed","ping_status":"open","sticky":false,"template":"","format":"standard","meta":{"footnotes":""},"categories":[6,1,33],"tags":[],"class_list":["post-98011426","post","type-post","status-publish","format-standard","has-post-thumbnail","hentry","category-destaque","category-noticia","category-release"],"yoast_head":"<!-- This site is optimized with the Yoast SEO plugin v24.8.1 - https:\/\/yoast.com\/wordpress\/plugins\/seo\/ -->\n<title>Acrimat participa de di\u00e1logo com candidatos ao Governo de MT e contribui com propostas do setor agropecu\u00e1rio - Acrimat<\/title>\n<meta name=\"robots\" content=\"index, follow, max-snippet:-1, max-image-preview:large, max-video-preview:-1\" \/>\n<link rel=\"canonical\" href=\"https:\/\/acrimat.org.br\/portal\/acrimat-participa-de-dialogo-com-candidatos-ao-governo-de-mt-e-contribui-com-propostas-do-setor-agropecuario\/\" \/>\n<meta property=\"og:locale\" content=\"pt_BR\" \/>\n<meta property=\"og:type\" content=\"article\" \/>\n<meta property=\"og:title\" content=\"Acrimat participa de di\u00e1logo com candidatos ao Governo de MT e contribui com propostas do setor agropecu\u00e1rio - Acrimat\" \/>\n<meta property=\"og:description\" content=\"A Associa\u00e7\u00e3o dos Criadores de Mato Grosso (Acrimat) participou do di\u00e1logo com os candidatos ao Governo de Mato Grosso Dra. Natasha, Otaviano Pivetta e Wellington Fagundes, promovido pela Alian\u00e7a do Setor Produtivo de Mato Grosso, formada pela Federa\u00e7\u00e3o da Agricultura e Pecu\u00e1ria de Mato Grosso (Famato), Federa\u00e7\u00e3o do Com\u00e9rcio de Bens, Servi\u00e7os e Turismo do [&hellip;]\" \/>\n<meta property=\"og:url\" content=\"https:\/\/acrimat.org.br\/portal\/acrimat-participa-de-dialogo-com-candidatos-ao-governo-de-mt-e-contribui-com-propostas-do-setor-agropecuario\/\" \/>\n<meta property=\"og:site_name\" content=\"Acrimat\" \/>\n<meta property=\"article:published_time\" content=\"2026-09-04T14:14:17+00:00\" \/>\n<meta property=\"article:modified_time\" content=\"2026-09-04T14:14:28+00:00\" \/>\n<meta property=\"og:image\" content=\"https:\/\/acrimat.org.br\/portal\/wp-content\/uploads\/2026\/09\/whatsapp-image-2026-09-03-at-08-.jpeg\" \/>\n\t<meta property=\"og:image:width\" content=\"1280\" \/>\n\t<meta property=\"og:image:height\" content=\"960\" \/>\n\t<meta property=\"og:image:type\" content=\"image\/jpeg\" \/>\n<meta name=\"author\" content=\"Assessoria de comunica\u00e7\u00e3o ACRIMAT\" \/>\n<meta name=\"twitter:card\" content=\"summary_large_image\" \/>\n<meta name=\"twitter:label1\" content=\"Escrito por\" \/>\n\t<meta name=\"twitter:data1\" content=\"Assessoria de comunica\u00e7\u00e3o ACRIMAT\" \/>\n\t<meta name=\"twitter:label2\" content=\"Est. tempo de leitura\" \/>\n\t<meta name=\"twitter:data2\" content=\"4 minutos\" \/>\n<script type=\"application\/ld+json\" class=\"yoast-schema-graph\">{\"@context\":\"https:\/\/schema.org\",\"@graph\":[{\"@type\":\"Article\",\"@id\":\"https:\/\/acrimat.org.br\/portal\/acrimat-participa-de-dialogo-com-candidatos-ao-governo-de-mt-e-contribui-com-propostas-do-setor-agropecuario\/#article\",\"isPartOf\":{\"@id\":\"https:\/\/acrimat.org.br\/portal\/acrimat-participa-de-dialogo-com-candidatos-ao-governo-de-mt-e-contribui-com-propostas-do-setor-agropecuario\/\"},\"author\":{\"name\":\"Assessoria de comunica\u00e7\u00e3o ACRIMAT\",\"@id\":\"https:\/\/acrimat.org.br\/portal\/#\/schema\/person\/a309b9496344ff991e8e1b1d751fdd7b\"},\"headline\":\"Acrimat participa de di\u00e1logo com candidatos ao Governo de MT e contribui com propostas do setor agropecu\u00e1rio\",\"datePublished\":\"2026-09-04T14:14:17+00:00\",\"dateModified\":\"2026-09-04T14:14:28+00:00\",\"mainEntityOfPage\":{\"@id\":\"https:\/\/acrimat.org.br\/portal\/acrimat-participa-de-dialogo-com-candidatos-ao-governo-de-mt-e-contribui-com-propostas-do-setor-agropecuario\/\"},\"wordCount\":507,\"publisher\":{\"@id\":\"https:\/\/acrimat.org.br\/portal\/#organization\"},\"image\":{\"@id\":\"https:\/\/acrimat.org.br\/portal\/acrimat-participa-de-dialogo-com-candidatos-ao-governo-de-mt-e-contribui-com-propostas-do-setor-agropecuario\/#primaryimage\"},\"thumbnailUrl\":\"https:\/\/acrimat.org.br\/portal\/wp-content\/uploads\/2026\/09\/whatsapp-image-2026-09-03-at-08-.jpeg\",\"articleSection\":[\"Destaques\",\"Not\u00edcias\",\"Release\"],\"inLanguage\":\"pt-BR\"},{\"@type\":\"WebPage\",\"@id\":\"https:\/\/acrimat.org.br\/portal\/acrimat-participa-de-dialogo-com-candidatos-ao-governo-de-mt-e-contribui-com-propostas-do-setor-agropecuario\/\",\"url\":\"https:\/\/acrimat.org.br\/portal\/acrimat-participa-de-dialogo-com-candidatos-ao-governo-de-mt-e-contribui-com-propostas-do-setor-agropecuario\/\",\"name\":\"Acrimat participa de di\u00e1logo com candidatos ao Governo de MT e contribui com propostas do setor agropecu\u00e1rio - Acrimat\",\"isPartOf\":{\"@id\":\"https:\/\/acrimat.org.br\/portal\/#website\"},\"primaryImageOfPage\":{\"@id\":\"https:\/\/acrimat.org.br\/portal\/acrimat-participa-de-dialogo-com-candidatos-ao-governo-de-mt-e-contribui-com-propostas-do-setor-agropecuario\/#primaryimage\"},\"image\":{\"@id\":\"https:\/\/acrimat.org.br\/portal\/acrimat-participa-de-dialogo-com-candidatos-ao-governo-de-mt-e-contribui-com-propostas-do-setor-agropecuario\/#primaryimage\"},\"thumbnailUrl\":\"https:\/\/acrimat.org.br\/portal\/wp-content\/uploads\/2026\/09\/whatsapp-image-2026-09-03-at-08-.jpeg\",\"datePublished\":\"2026-09-04T14:14:17+00:00\",\"dateModified\":\"2026-09-04T14:14:28+00:00\",\"breadcrumb\":{\"@id\":\"https:\/\/acrimat.org.br\/portal\/acrimat-participa-de-dialogo-com-candidatos-ao-governo-de-mt-e-contribui-com-propostas-do-setor-agropecuario\/#breadcrumb\"},\"inLanguage\":\"pt-BR\",\"potentialAction\":[{\"@type\":\"ReadAction\",\"target\":[\"https:\/\/acrimat.org.br\/portal\/acrimat-participa-de-dialogo-com-candidatos-ao-governo-de-mt-e-contribui-com-propostas-do-setor-agropecuario\/\"]}]},{\"@type\":\"ImageObject\",\"inLanguage\":\"pt-BR\",\"@id\":\"https:\/\/acrimat.org.br\/portal\/acrimat-participa-de-dialogo-com-candidatos-ao-governo-de-mt-e-contribui-com-propostas-do-setor-agropecuario\/#primaryimage\",\"url\":\"https:\/\/acrimat.org.br\/portal\/wp-content\/uploads\/2026\/09\/whatsapp-image-2026-09-03-at-08-.jpeg\",\"contentUrl\":\"https:\/\/acrimat.org.br\/portal\/wp-content\/uploads\/2026\/09\/whatsapp-image-2026-09-03-at-08-.jpeg\",\"width\":1280,\"height\":960},{\"@type\":\"BreadcrumbList\",\"@id\":\"https:\/\/acrimat.org.br\/portal\/acrimat-participa-de-dialogo-com-candidatos-ao-governo-de-mt-e-contribui-com-propostas-do-setor-agropecuario\/#breadcrumb\",\"itemListElement\":[{\"@type\":\"ListItem\",\"position\":1,\"name\":\"In\u00edcio\",\"item\":\"https:\/\/acrimat.org.br\/portal\/\"},{\"@type\":\"ListItem\",\"position\":2,\"name\":\"Acrimat participa de di\u00e1logo com candidatos ao Governo de MT e contribui com propostas do setor agropecu\u00e1rio\"}]},{\"@type\":\"WebSite\",\"@id\":\"https:\/\/acrimat.org.br\/portal\/#website\",\"url\":\"https:\/\/acrimat.org.br\/portal\/\",\"name\":\"Acrimat\",\"description\":\"Associa\u00e7\u00e3o dos Criadores de Mato Grosso\",\"publisher\":{\"@id\":\"https:\/\/acrimat.org.br\/portal\/#organization\"},\"potentialAction\":[{\"@type\":\"SearchAction\",\"target\":{\"@type\":\"EntryPoint\",\"urlTemplate\":\"https:\/\/acrimat.org.br\/portal\/?s={search_term_string}\"},\"query-input\":{\"@type\":\"PropertyValueSpecification\",\"valueRequired\":true,\"valueName\":\"search_term_string\"}}],\"inLanguage\":\"pt-BR\"},{\"@type\":\"Organization\",\"@id\":\"https:\/\/acrimat.org.br\/portal\/#organization\",\"name\":\"Associa\u00e7\u00e3o dos Criadores de Mato Grosso\",\"url\":\"https:\/\/acrimat.org.br\/portal\/\",\"logo\":{\"@type\":\"ImageObject\",\"inLanguage\":\"pt-BR\",\"@id\":\"https:\/\/acrimat.org.br\/portal\/#\/schema\/logo\/image\/\",\"url\":\"https:\/\/acrimat.org.br\/portal\/wp-content\/uploads\/2018\/03\/logo-peq-original.png\",\"contentUrl\":\"https:\/\/acrimat.org.br\/portal\/wp-content\/uploads\/2018\/03\/logo-peq-original.png\",\"width\":174,\"height\":171,\"caption\":\"Associa\u00e7\u00e3o dos Criadores de Mato Grosso\"},\"image\":{\"@id\":\"https:\/\/acrimat.org.br\/portal\/#\/schema\/logo\/image\/\"}},{\"@type\":\"Person\",\"@id\":\"https:\/\/acrimat.org.br\/portal\/#\/schema\/person\/a309b9496344ff991e8e1b1d751fdd7b\",\"name\":\"Assessoria de comunica\u00e7\u00e3o ACRIMAT\",\"image\":{\"@type\":\"ImageObject\",\"inLanguage\":\"pt-BR\",\"@id\":\"https:\/\/acrimat.org.br\/portal\/#\/schema\/person\/image\/\",\"url\":\"https:\/\/secure.gravatar.com\/avatar\/2f9c28e64c317bcd762b25cb1575f1b4?s=96&d=mm&r=g\",\"contentUrl\":\"https:\/\/secure.gravatar.com\/avatar\/2f9c28e64c317bcd762b25cb1575f1b4?s=96&d=mm&r=g\",\"caption\":\"Assessoria de comunica\u00e7\u00e3o ACRIMAT\"},\"sameAs\":[\"http:\/\/acrimat.org.br\/\"],\"url\":\"https:\/\/acrimat.org.br\/portal\/author\/ascom\/\"}]}<\/script>\n<!-- \/ Yoast SEO plugin. -->","yoast_head_json":{"title":"Acrimat participa de di\u00e1logo com candidatos ao Governo de MT e contribui com propostas do setor agropecu\u00e1rio - Acrimat","robots":{"index":"index","follow":"follow","max-snippet":"max-snippet:-1","max-image-preview":"max-image-preview:large","max-video-preview":"max-video-preview:-1"},"canonical":"https:\/\/acrimat.org.br\/portal\/acrimat-participa-de-dialogo-com-candidatos-ao-governo-de-mt-e-contribui-com-propostas-do-setor-agropecuario\/","og_locale":"pt_BR","og_type":"article","og_title":"Acrimat participa de di\u00e1logo com candidatos ao Governo de MT e contribui com propostas do setor agropecu\u00e1rio - Acrimat","og_description":"A Associa\u00e7\u00e3o dos Criadores de Mato Grosso (Acrimat) participou do di\u00e1logo com os candidatos ao Governo de Mato Grosso Dra. Natasha, Otaviano Pivetta e Wellington Fagundes, promovido pela Alian\u00e7a do Setor Produtivo de Mato Grosso, formada pela Federa\u00e7\u00e3o da Agricultura e Pecu\u00e1ria de Mato Grosso (Famato), Federa\u00e7\u00e3o do Com\u00e9rcio de Bens, Servi\u00e7os e Turismo do [&hellip;]","og_url":"https:\/\/acrimat.org.br\/portal\/acrimat-participa-de-dialogo-com-candidatos-ao-governo-de-mt-e-contribui-com-propostas-do-setor-agropecuario\/","og_site_name":"Acrimat","article_published_time":"2026-09-04T14:14:17+00:00","article_modified_time":"2026-09-04T14:14:28+00:00","og_image":[{"width":1280,"height":960,"url":"https:\/\/acrimat.org.br\/portal\/wp-content\/uploads\/2026\/09\/whatsapp-image-2026-09-03-at-08-.jpeg","type":"image\/jpeg"}],"author":"Assessoria de comunica\u00e7\u00e3o ACRIMAT","twitter_card":"summary_large_image","twitter_misc":{"Escrito por":"Assessoria de comunica\u00e7\u00e3o ACRIMAT","Est. tempo de leitura":"4 minutos"},"schema":{"@context":"https:\/\/schema.org","@graph":[{"@type":"Article","@id":"https:\/\/acrimat.org.br\/portal\/acrimat-participa-de-dialogo-com-candidatos-ao-governo-de-mt-e-contribui-com-propostas-do-setor-agropecuario\/#article","isPartOf":{"@id":"https:\/\/acrimat.org.br\/portal\/acrimat-participa-de-dialogo-com-candidatos-ao-governo-de-mt-e-contribui-com-propostas-do-setor-agropecuario\/"},"author":{"name":"Assessoria de comunica\u00e7\u00e3o ACRIMAT","@id":"https:\/\/acrimat.org.br\/portal\/#\/schema\/person\/a309b9496344ff991e8e1b1d751fdd7b"},"headline":"Acrimat participa de di\u00e1logo com candidatos ao Governo de MT e contribui com propostas do setor agropecu\u00e1rio","datePublished":"2026-09-04T14:14:17+00:00","dateModified":"2026-09-04T14:14:28+00:00","mainEntityOfPage":{"@id":"https:\/\/acrimat.org.br\/portal\/acrimat-participa-de-dialogo-com-candidatos-ao-governo-de-mt-e-contribui-com-propostas-do-setor-agropecuario\/"},"wordCount":507,"publisher":{"@id":"https:\/\/acrimat.org.br\/portal\/#organization"},"image":{"@id":"https:\/\/acrimat.org.br\/portal\/acrimat-participa-de-dialogo-com-candidatos-ao-governo-de-mt-e-contribui-com-propostas-do-setor-agropecuario\/#primaryimage"},"thumbnailUrl":"https:\/\/acrimat.org.br\/portal\/wp-content\/uploads\/2026\/09\/whatsapp-image-2026-09-03-at-08-.jpeg","articleSection":["Destaques","Not\u00edcias","Release"],"inLanguage":"pt-BR"},{"@type":"WebPage","@id":"https:\/\/acrimat.org.br\/portal\/acrimat-participa-de-dialogo-com-candidatos-ao-governo-de-mt-e-contribui-com-propostas-do-setor-agropecuario\/","url":"https:\/\/acrimat.org.br\/portal\/acrimat-participa-de-dialogo-com-candidatos-ao-governo-de-mt-e-contribui-com-propostas-do-setor-agropecuario\/","name":"Acrimat participa de di\u00e1logo com candidatos ao Governo de MT e contribui com propostas do setor agropecu\u00e1rio - Acrimat","isPartOf":{"@id":"https:\/\/acrimat.org.br\/portal\/#website"},"primaryImageOfPage":{"@id":"https:\/\/acrimat.org.br\/portal\/acrimat-participa-de-dialogo-com-candidatos-ao-governo-de-mt-e-contribui-com-propostas-do-setor-agropecuario\/#primaryimage"},"image":{"@id":"https:\/\/acrimat.org.br\/portal\/acrimat-participa-de-dialogo-com-candidatos-ao-governo-de-mt-e-contribui-com-propostas-do-setor-agropecuario\/#primaryimage"},"thumbnailUrl":"https:\/\/acrimat.org.br\/portal\/wp-content\/uploads\/2026\/09\/whatsapp-image-2026-09-03-at-08-.jpeg","datePublished":"2026-09-04T14:14:17+00:00","dateModified":"2026-09-04T14:14:28+00:00","breadcrumb":{"@id":"https:\/\/acrimat.org.br\/portal\/acrimat-participa-de-dialogo-com-candidatos-ao-governo-de-mt-e-contribui-com-propostas-do-setor-agropecuario\/#breadcrumb"},"inLanguage":"pt-BR","potentialAction":[{"@type":"ReadAction","target":["https:\/\/acrimat.org.br\/portal\/acrimat-participa-de-dialogo-com-candidatos-ao-governo-de-mt-e-contribui-com-propostas-do-setor-agropecuario\/"]}]},{"@type":"ImageObject","inLanguage":"pt-BR","@id":"https:\/\/acrimat.org.br\/portal\/acrimat-participa-de-dialogo-com-candidatos-ao-governo-de-mt-e-contribui-com-propostas-do-setor-agropecuario\/#primaryimage","url":"https:\/\/acrimat.org.br\/portal\/wp-content\/uploads\/2026\/09\/whatsapp-image-2026-09-03-at-08-.jpeg","contentUrl":"https:\/\/acrimat.org.br\/portal\/wp-content\/uploads\/2026\/09\/whatsapp-image-2026-09-03-at-08-.jpeg","width":1280,"height":960},{"@type":"BreadcrumbList","@id":"https:\/\/acrimat.org.br\/portal\/acrimat-participa-de-dialogo-com-candidatos-ao-governo-de-mt-e-contribui-com-propostas-do-setor-agropecuario\/#breadcrumb","itemListElement":[{"@type":"ListItem","position":1,"name":"In\u00edcio","item":"https:\/\/acrimat.org.br\/portal\/"},{"@type":"ListItem","position":2,"name":"Acrimat participa de di\u00e1logo com candidatos ao Governo de MT e contribui com propostas do setor agropecu\u00e1rio"}]},{"@type":"WebSite","@id":"https:\/\/acrimat.org.br\/portal\/#website","url":"https:\/\/acrimat.org.br\/portal\/","name":"Acrimat","description":"Associa\u00e7\u00e3o dos Criadores de Mato Grosso","publisher":{"@id":"https:\/\/acrimat.org.br\/portal\/#organization"},"potentialAction":[{"@type":"SearchAction","target":{"@type":"EntryPoint","urlTemplate":"https:\/\/acrimat.org.br\/portal\/?s={search_term_string}"},"query-input":{"@type":"PropertyValueSpecification","valueRequired":true,"valueName":"search_term_string"}}],"inLanguage":"pt-BR"},{"@type":"Organization","@id":"https:\/\/acrimat.org.br\/portal\/#organization","name":"Associa\u00e7\u00e3o dos Criadores de Mato Grosso","url":"https:\/\/acrimat.org.br\/portal\/","logo":{"@type":"ImageObject","inLanguage":"pt-BR","@id":"https:\/\/acrimat.org.br\/portal\/#\/schema\/logo\/image\/","url":"https:\/\/acrimat.org.br\/portal\/wp-content\/uploads\/2018\/03\/logo-peq-original.png","contentUrl":"https:\/\/acrimat.org.br\/portal\/wp-content\/uploads\/2018\/03\/logo-peq-original.png","width":174,"height":171,"caption":"Associa\u00e7\u00e3o dos Criadores de Mato Grosso"},"image":{"@id":"https:\/\/acrimat.org.br\/portal\/#\/schema\/logo\/image\/"}},{"@type":"Person","@id":"https:\/\/acrimat.org.br\/portal\/#\/schema\/person\/a309b9496344ff991e8e1b1d751fdd7b","name":"Assessoria de comunica\u00e7\u00e3o ACRIMAT","image":{"@type":"ImageObject","inLanguage":"pt-BR","@id":"https:\/\/acrimat.org.br\/portal\/#\/schema\/person\/image\/","url":"https:\/\/secure.gravatar.com\/avatar\/2f9c28e64c317bcd762b25cb1575f1b4?s=96&d=mm&r=g","contentUrl":"https:\/\/secure.gravatar.com\/avatar\/2f9c28e64c317bcd762b25cb1575f1b4?s=96&d=mm&r=g","caption":"Assessoria de comunica\u00e7\u00e3o ACRIMAT"},"sameAs":["http:\/\/acrimat.org.br\/"],"url":"https:\/\/acrimat.org.br\/portal\/author\/ascom\/"}]}},"_links":{"self":[{"href":"https:\/\/acrimat.org.br\/portal\/wp-json\/wp\/v2\/posts\/98011426","targetHints":{"allow":["GET"]}}],"collection":[{"href":"https:\/\/acrimat.org.br\/portal\/wp-json\/wp\/v2\/posts"}],"about":[{"href":"https:\/\/acrimat.org.br\/portal\/wp-json\/wp\/v2\/types\/post"}],"author":[{"embeddable":true,"href":"https:\/\/acrimat.org.br\/portal\/wp-json\/wp\/v2\/users\/7"}],"replies":[{"embeddable":true,"href":"https:\/\/acrimat.org.br\/portal\/wp-json\/wp\/v2\/comments?post=98011426"}],"version-history":[{"count":1,"href":"https:\/\/acrimat.org.br\/portal\/wp-json\/wp\/v2\/posts\/98011426\/revisions"}],"predecessor-version":[{"id":98011431,"href":"https:\/\/acrimat.org.br\/portal\/wp-json\/wp\/v2\/posts\/98011426\/revisions\/98011431"}],"wp:featuredmedia":[{"embeddable":true,"href":"https:\/\/acrimat.org.br\/portal\/wp-json\/wp\/v2\/media\/98011430"}],"wp:attachment":[{"href":"https:\/\/acrimat.org.br\/portal\/wp-json\/wp\/v2\/media?parent=98011426"}],"wp:term":[{"taxonomy":"category","embeddable":true,"href":"https:\/\/acrimat.org.br\/portal\/wp-json\/wp\/v2\/categories?post=98011426"},{"taxonomy":"post_tag","embeddable":true,"href":"https:\/\/acrimat.org.br\/portal\/wp-json\/wp\/v2\/tags?post=98011426"}],"curies":[{"name":"wp","href":"https:\/\/api.w.org\/{rel}","templated":true}]}}